{"@context":"https:\/\/schema.org\/","@type":"CollectionPage","@id":"https:\/\/www.kuler.cz\/zvirata\/#CollectionPage","headline":"Zv\u00ed\u0159ata Category","description":"","url":"https:\/\/www.kuler.cz\/zvirata\/","hasPart":[{"@type":"Article","@id":"https:\/\/www.kuler.cz\/poznejte-tantrickou-masaz-na-vlastni-kuzi\/","headline":"Poznejte tantrickou mas\u00e1\u017e na vlastn\u00ed k\u016f\u017ei","url":"https:\/\/www.kuler.cz\/poznejte-tantrickou-masaz-na-vlastni-kuzi\/","datePublished":"2023-06-07","dateModified":"2023-06-07","mainEntityOfPage":"https:\/\/www.kuler.cz\/poznejte-tantrickou-masaz-na-vlastni-kuzi\/","author":{"@type":"Person","@id":"https:\/\/www.kuler.cz\/author\/#Person","name":"","url":"https:\/\/www.kuler.cz\/author\/","identifier":1,"image":{"@type":"ImageObject","@id":"https:\/\/secure.gravatar.com\/avatar\/dac37d998cdbc92cc7ee5d23d4d689a369122af40c5450007470acab45b61d68?s=96&d=mm&r=g","url":"https:\/\/secure.gravatar.com\/avatar\/dac37d998cdbc92cc7ee5d23d4d689a369122af40c5450007470acab45b61d68?s=96&d=mm&r=g","height":96,"width":96}},"publisher":{"@type":"Organization","name":"kuler.cz","logo":{"@type":"ImageObject","@id":"\/logo.png","url":"\/logo.png","width":600,"height":60}},"image":null,"keywords":null},{"@type":"Article","@id":"https:\/\/www.kuler.cz\/to-se-mate-kdyz-mate-doma-rybare\/","headline":"To se m\u00e1te, kdy\u017e m\u00e1te doma ryb\u00e1\u0159e","url":"https:\/\/www.kuler.cz\/to-se-mate-kdyz-mate-doma-rybare\/","datePublished":"2023-06-07","dateModified":"2023-06-07","mainEntityOfPage":"https:\/\/www.kuler.cz\/to-se-mate-kdyz-mate-doma-rybare\/","author":{"@type":"Person","@id":"https:\/\/www.kuler.cz\/author\/#Person","name":"","url":"https:\/\/www.kuler.cz\/author\/","identifier":1,"image":{"@type":"ImageObject","@id":"https:\/\/secure.gravatar.com\/avatar\/dac37d998cdbc92cc7ee5d23d4d689a369122af40c5450007470acab45b61d68?s=96&d=mm&r=g","url":"https:\/\/secure.gravatar.com\/avatar\/dac37d998cdbc92cc7ee5d23d4d689a369122af40c5450007470acab45b61d68?s=96&d=mm&r=g","height":96,"width":96}},"publisher":{"@type":"Organization","name":"kuler.cz","logo":{"@type":"ImageObject","@id":"\/logo.png","url":"\/logo.png","width":600,"height":60}},"image":null,"keywords":null},{"@type":"Article","@id":"https:\/\/www.kuler.cz\/letak-zpusob-kterym-lze-prilakat-co-nejvice-lidi-z-sirokeho-okoli\/","headline":"Let\u00e1k, zp\u016fsob, kter\u00fdm lze p\u0159il\u00e1kat co nejv\u00edce lid\u00ed z \u0161irok\u00e9ho okol\u00ed","url":"https:\/\/www.kuler.cz\/letak-zpusob-kterym-lze-prilakat-co-nejvice-lidi-z-sirokeho-okoli\/","datePublished":"2023-06-07","dateModified":"2023-06-07","mainEntityOfPage":"https:\/\/www.kuler.cz\/letak-zpusob-kterym-lze-prilakat-co-nejvice-lidi-z-sirokeho-okoli\/","author":{"@type":"Person","@id":"https:\/\/www.kuler.cz\/author\/#Person","name":"","url":"https:\/\/www.kuler.cz\/author\/","identifier":1,"image":{"@type":"ImageObject","@id":"https:\/\/secure.gravatar.com\/avatar\/dac37d998cdbc92cc7ee5d23d4d689a369122af40c5450007470acab45b61d68?s=96&d=mm&r=g","url":"https:\/\/secure.gravatar.com\/avatar\/dac37d998cdbc92cc7ee5d23d4d689a369122af40c5450007470acab45b61d68?s=96&d=mm&r=g","height":96,"width":96}},"publisher":{"@type":"Organization","name":"kuler.cz","logo":{"@type":"ImageObject","@id":"\/logo.png","url":"\/logo.png","width":600,"height":60}},"image":null,"keywords":null},{"@type":"Article","@id":"https:\/\/www.kuler.cz\/perfektni-cesta-k-odpocinku\/","headline":"Perfektn\u00ed cesta k odpo\u010dinku","url":"https:\/\/www.kuler.cz\/perfektni-cesta-k-odpocinku\/","datePublished":"2023-06-07","dateModified":"2023-06-07","mainEntityOfPage":"https:\/\/www.kuler.cz\/perfektni-cesta-k-odpocinku\/","author":{"@type":"Person","@id":"https:\/\/www.kuler.cz\/author\/#Person","name":"","url":"https:\/\/www.kuler.cz\/author\/","identifier":1,"image":{"@type":"ImageObject","@id":"https:\/\/secure.gravatar.com\/avatar\/dac37d998cdbc92cc7ee5d23d4d689a369122af40c5450007470acab45b61d68?s=96&d=mm&r=g","url":"https:\/\/secure.gravatar.com\/avatar\/dac37d998cdbc92cc7ee5d23d4d689a369122af40c5450007470acab45b61d68?s=96&d=mm&r=g","height":96,"width":96}},"publisher":{"@type":"Organization","name":"kuler.cz","logo":{"@type":"ImageObject","@id":"\/logo.png","url":"\/logo.png","width":600,"height":60}},"image":null,"keywords":null},{"@type":"Article","@id":"https:\/\/www.kuler.cz\/vdecny-pritel\/","headline":"Vd\u011b\u010dn\u00fd p\u0159\u00edtel","url":"https:\/\/www.kuler.cz\/vdecny-pritel\/","datePublished":"2020-01-21","dateModified":"2023-06-07","mainEntityOfPage":"https:\/\/www.kuler.cz\/vdecny-pritel\/","author":{"@type":"Person","@id":"https:\/\/www.kuler.cz\/author\/#Person","name":"","url":"https:\/\/www.kuler.cz\/author\/","identifier":1,"image":{"@type":"ImageObject","@id":"https:\/\/secure.gravatar.com\/avatar\/dac37d998cdbc92cc7ee5d23d4d689a369122af40c5450007470acab45b61d68?s=96&d=mm&r=g","url":"https:\/\/secure.gravatar.com\/avatar\/dac37d998cdbc92cc7ee5d23d4d689a369122af40c5450007470acab45b61d68?s=96&d=mm&r=g","height":96,"width":96}},"publisher":{"@type":"Organization","name":"kuler.cz","logo":{"@type":"ImageObject","@id":"\/logo.png","url":"\/logo.png","width":600,"height":60}},"image":{"@type":"ImageObject","@id":"https:\/\/www.kuler.cz\/wp-content\/uploads\/img_a359177_w3198_t1573304105.jpg","url":"https:\/\/www.kuler.cz\/wp-content\/uploads\/img_a359177_w3198_t1573304105.jpg","height":0,"width":0},"keywords":null},{"@type":"Article","@id":"https:\/\/www.kuler.cz\/atrakce-na-vrcholu-trampoliny\/","headline":"Atrakce na vrcholu \u2013 trampol\u00edny","url":"https:\/\/www.kuler.cz\/atrakce-na-vrcholu-trampoliny\/","datePublished":"2019-04-21","dateModified":"2023-06-07","mainEntityOfPage":"https:\/\/www.kuler.cz\/atrakce-na-vrcholu-trampoliny\/","author":{"@type":"Person","@id":"https:\/\/www.kuler.cz\/author\/#Person","name":"","url":"https:\/\/www.kuler.cz\/author\/","identifier":1,"image":{"@type":"ImageObject","@id":"https:\/\/secure.gravatar.com\/avatar\/dac37d998cdbc92cc7ee5d23d4d689a369122af40c5450007470acab45b61d68?s=96&d=mm&r=g","url":"https:\/\/secure.gravatar.com\/avatar\/dac37d998cdbc92cc7ee5d23d4d689a369122af40c5450007470acab45b61d68?s=96&d=mm&r=g","height":96,"width":96}},"publisher":{"@type":"Organization","name":"kuler.cz","logo":{"@type":"ImageObject","@id":"\/logo.png","url":"\/logo.png","width":600,"height":60}},"image":{"@type":"ImageObject","@id":"https:\/\/www.kuler.cz\/wp-content\/uploads\/img_a344580_w1704_t1558434325.jpg","url":"https:\/\/www.kuler.cz\/wp-content\/uploads\/img_a344580_w1704_t1558434325.jpg","height":0,"width":0},"keywords":null}]}