[{"@context":"https:\/\/schema.org\/","@type":"Article","@id":"https:\/\/www.kuler.cz\/zajistime-vsechno-potrebne-co-se-tyka-vyklizeni-bytu\/#Article","mainEntityOfPage":"https:\/\/www.kuler.cz\/zajistime-vsechno-potrebne-co-se-tyka-vyklizeni-bytu\/","headline":"Zajist\u00edme v\u0161echno pot\u0159ebn\u00e9, co se t\u00fdk\u00e1 vykl\u00edzen\u00ed byt\u016f","name":"Zajist\u00edme v\u0161echno pot\u0159ebn\u00e9, co se t\u00fdk\u00e1 vykl\u00edzen\u00ed byt\u016f","description":"Na\u0161\u00ed oblast\u00ed je st\u011bhov\u00e1n\u00ed, ale s t\u00edm tak\u00e9 spojen\u00e9 velice \u010dast\u00e9 vykl\u00edzen\u00ed byt\u016f Praha, kter\u00e9 mohou vyu\u017e\u00edvat lid\u00e9, kte\u0159\u00ed bydl\u00ed p\u0159\u00edmo v na\u0161em hlavn\u00edm m\u011bst\u011b, ale tak\u00e9 se mohou ozvat lid\u00e9 i z okol\u00ed. Ka\u017ed\u00fd ob\u010das pot\u0159ebuje pomoci, speci\u00e1ln\u011b s t\u011bmito specifick\u00fdmi prvky, do kter\u00fdch se n\u00e1m samotn\u00fdm nikdy nechce. Vyu\u017eijte proto na\u0161ich slu\u017eeb, kter\u00e9 [&hellip;]","datePublished":"2023-06-07","dateModified":"2023-06-07","author":{"@type":"Person","@id":"https:\/\/www.kuler.cz\/author\/#Person","name":"","url":"https:\/\/www.kuler.cz\/author\/","identifier":1,"image":{"@type":"ImageObject","@id":"https:\/\/secure.gravatar.com\/avatar\/dac37d998cdbc92cc7ee5d23d4d689a369122af40c5450007470acab45b61d68?s=96&d=mm&r=g","url":"https:\/\/secure.gravatar.com\/avatar\/dac37d998cdbc92cc7ee5d23d4d689a369122af40c5450007470acab45b61d68?s=96&d=mm&r=g","height":96,"width":96}},"publisher":{"@type":"Organization","name":"kuler.cz","logo":{"@type":"ImageObject","@id":"\/logo.png","url":"\/logo.png","width":600,"height":60}},"url":"https:\/\/www.kuler.cz\/zajistime-vsechno-potrebne-co-se-tyka-vyklizeni-bytu\/","about":["Podnik\u00e1n\u00ed"],"wordCount":383,"articleBody":" Na\u0161\u00ed oblast\u00ed je st\u011bhov\u00e1n\u00ed, ale s t\u00edm tak\u00e9 spojen\u00e9 velice \u010dast\u00e9 vykl\u00edzen\u00ed byt\u016f Praha, kter\u00e9 mohou vyu\u017e\u00edvat lid\u00e9, kte\u0159\u00ed bydl\u00ed p\u0159\u00edmo v na\u0161em hlavn\u00edm m\u011bst\u011b, ale tak\u00e9 se mohou ozvat lid\u00e9 i z okol\u00ed. Ka\u017ed\u00fd ob\u010das pot\u0159ebuje pomoci, speci\u00e1ln\u011b s t\u011bmito specifick\u00fdmi prvky, do kter\u00fdch se n\u00e1m samotn\u00fdm nikdy nechce. Vyu\u017eijte proto na\u0161ich slu\u017eeb, kter\u00e9 se t\u00fdkaj\u00ed likvidace odpadu, ale tak\u00e9 vy\u010di\u0161t\u011bn\u00ed dom\u016f od v\u0161emo\u017en\u00e9ho star\u00e9ho n\u00e1bytku, spot\u0159ebi\u010d\u016f, ale jsme schopni odv\u00e9zt i t\u011b\u017ek\u00e1 b\u0159emena \u010di velk\u00e9 hudebn\u00ed n\u00e1stroje, kter\u00e9 b\u00fdvaj\u00ed opravdu t\u011b\u017ek\u00e9 a je nebezpe\u010dn\u00e9 s nimi jenom tak manipulovat. Specializujme se na ve\u0161ker\u00fd odpad, kter\u00fd odv\u00e1\u017e\u00edme do sb\u011brn\u00fdch dvor\u016f \u010di zaji\u0161\u0165ujeme skartaci dokument\u016f podle z\u00e1konn\u00fdch p\u0159edpis\u016f. Tak\u00e9 zajist\u00edme jak\u00e9koliv vy\u010di\u0161t\u011bn\u00ed p\u016fd \u010di vykl\u00edzen\u00ed sklepu. Jak od nepo\u0159\u00e1dku, tak star\u00fdch a nepot\u0159ebn\u00fdch v\u011bc\u00ed, ale tak\u00e9 v\u00e1s zbav\u00edme jak\u00e9hokoliv odpadu, a\u0165 u\u017e jde o elektrotechniku \u010di kovo\u0161rot nebo su\u0165 z bytov\u00fdch \u00faprav. Se v\u0161\u00edm si porad\u00edme. Nejv\u011bt\u0161\u00ed v\u00fdhodou je, \u017ee se nemus\u00edte o nic starat. Nemus\u00edte zji\u0161\u0165ovat, co se kam odv\u00e1\u017e\u00ed, nemus\u00edte nic za\u0159izovat. To jsou v\u00fdhody, kter\u00fdch si v r\u00e1mci na\u0161ich slu\u017eeb jist\u011b budete v\u00e1\u017eit nejv\u00edce. \u010ceho se pot\u0159ebujete zbavit?   &#8211; objemn\u00fd odpad za\u0159\u00edzen\u00ed dom\u00e1cnost\u00ed: d\u0159evo, kov, textil, a v\u011bci s t\u00edmto spojen\u00e9  &#8211; elektro\u0161rot: lednice, bojler, ve\u0161ker\u00e1 elektronika, mraz\u00e1k, televize, r\u00e1dio  &#8211; odpad z \u00fadr\u017eby zelen\u011b &#8211; su\u0165 z bytov\u00fdch \u00faprav &#8211; pap\u00edr, sklo, plasty (t\u0159\u00edd\u011bn\u00fd odpad, v\u011bt\u0161\u00ed mno\u017estv\u00ed)  &#8211; pneumatiky (poplatek nebo limit) &#8211; nebezpe\u010dn\u00fd komun\u00e1ln\u00ed odpad   Jak\u00e9 ve\u0161ker\u00e9 slu\u017eby zaji\u0161\u0165ujeme? \u00fc St\u011bhov\u00e1n\u00ed byt\u016f \u00fc St\u011bhov\u00e1n\u00ed kancel\u00e1\u0159\u00ed  \u00fc St\u011bhov\u00e1n\u00ed t\u011b\u017ek\u00fdch b\u0159emen \u00fc St\u011bhov\u00e1n\u00ed hudebn\u00edch n\u00e1stroj\u016f  \u00fc St\u011bhov\u00e1n\u00ed staro\u017eitn\u00e9ho n\u00e1bytku  \u00fc St\u011bhov\u00e1n\u00ed trezor\u016f  \u00fc Vykl\u00edzen\u00ed, likvidace, skartace  \u00fc Zaji\u0161\u0165ujeme krabice na st\u011bhov\u00e1n\u00ed a pot\u0159ebn\u00e9 obaly Skladovac\u00ed slu\u017eby                                                                                                                                                                                                                                                                                                                                                                                        4.3\/5 - (11 votes)        "},{"@context":"https:\/\/schema.org\/","@type":"BreadcrumbList","itemListElement":[{"@type":"ListItem","position":1,"name":"Zajist\u00edme v\u0161echno pot\u0159ebn\u00e9, co se t\u00fdk\u00e1 vykl\u00edzen\u00ed byt\u016f","item":"https:\/\/www.kuler.cz\/zajistime-vsechno-potrebne-co-se-tyka-vyklizeni-bytu\/#breadcrumbitem"}]}]