[{"@context":"https:\/\/schema.org\/","@type":"Article","@id":"https:\/\/www.kuler.cz\/vsechny-deti-jsou-si-rovny\/#Article","mainEntityOfPage":"https:\/\/www.kuler.cz\/vsechny-deti-jsou-si-rovny\/","headline":"V\u0161echny d\u011bti jsou si rovny","name":"V\u0161echny d\u011bti jsou si rovny","description":"Ka\u017ed\u00fd by cht\u011bl pro sv\u00e9 d\u011bti asi to nejlep\u0161\u00ed. To se v prvn\u00ed \u0159ad\u011b t\u00fdk\u00e1 hlavn\u011b vzd\u011bl\u00e1n\u00ed, kter\u00e9 d\u011bti a ml\u00e1de\u017e p\u0159ipravuje na \u017eivot a budouc\u00ed zam\u011bstn\u00e1n\u00ed a kari\u00e9ru. Nebo by alespo\u0148 m\u011blo. Smutnou pravdou z\u016fst\u00e1v\u00e1, \u017ee tomu tak \u010dasto nen\u00ed. Ze \u0161kol vych\u00e1z\u00ed mlad\u00ed lid\u00e9, kte\u0159\u00ed maj\u00ed sice nabiflovan\u00e9 znalosti v hlav\u011b, na \u017eivot [&hellip;]","datePublished":"2023-06-07","dateModified":"2023-06-07","author":{"@type":"Person","@id":"https:\/\/www.kuler.cz\/author\/#Person","name":"","url":"https:\/\/www.kuler.cz\/author\/","identifier":1,"image":{"@type":"ImageObject","@id":"https:\/\/secure.gravatar.com\/avatar\/dac37d998cdbc92cc7ee5d23d4d689a369122af40c5450007470acab45b61d68?s=96&d=mm&r=g","url":"https:\/\/secure.gravatar.com\/avatar\/dac37d998cdbc92cc7ee5d23d4d689a369122af40c5450007470acab45b61d68?s=96&d=mm&r=g","height":96,"width":96}},"publisher":{"@type":"Organization","name":"kuler.cz","logo":{"@type":"ImageObject","@id":"\/logo.png","url":"\/logo.png","width":600,"height":60}},"image":{"@type":"ImageObject","@id":"https:\/\/www.kuler.cz\/wp-content\/uploads\/img_a306466_w2204_t1517819610.jpg","url":"https:\/\/www.kuler.cz\/wp-content\/uploads\/img_a306466_w2204_t1517819610.jpg","height":0,"width":0},"url":"https:\/\/www.kuler.cz\/vsechny-deti-jsou-si-rovny\/","wordCount":420,"articleBody":"Ka\u017ed\u00fd by cht\u011bl pro sv\u00e9 d\u011bti asi to nejlep\u0161\u00ed. To se v prvn\u00ed \u0159ad\u011b t\u00fdk\u00e1 hlavn\u011b vzd\u011bl\u00e1n\u00ed, kter\u00e9 d\u011bti a ml\u00e1de\u017e p\u0159ipravuje na \u017eivot a budouc\u00ed zam\u011bstn\u00e1n\u00ed a kari\u00e9ru. Nebo by alespo\u0148 m\u011blo. Smutnou pravdou z\u016fst\u00e1v\u00e1, \u017ee tomu tak \u010dasto nen\u00ed. Ze \u0161kol vych\u00e1z\u00ed mlad\u00ed lid\u00e9, kte\u0159\u00ed maj\u00ed sice nabiflovan\u00e9 znalosti v hlav\u011b, na \u017eivot jsou ale zcela nep\u0159ipraveni. A nabyt\u00e9 znalosti jim \u010dasto tak\u00e9 na nic nejsou. \u0160koln\u00ed vzd\u011bl\u00e1v\u00e1n\u00ed po\u0159\u00e1d je\u0161t\u011b pokulh\u00e1v\u00e1 za realitou, nesta\u010d\u00ed se p\u0159izp\u016fsobit m\u011bn\u00edc\u00edmu se \u017eivotn\u00edmu stylu, pokrok\u016fm v technice a ve v\u00fdvoji.  A do toho se p\u0159idala inkluze. Ciz\u00ed slovo, pod kter\u00fdm si mnoh\u00fd z n\u00e1s neum\u00ed p\u0159esn\u011b p\u0159edstavit, o co \u017ee se jedn\u00e1. C\u00edlem inkluze je podporovat rovn\u00e9 \u0161ance d\u011bt\u00ed na vzd\u011bl\u00e1n\u00ed. Aby mohly nav\u0161t\u011bvovat \u0161kolu ide\u00e1ln\u011b v m\u00edst\u011b sv\u00e9ho bydli\u0161t\u011b, kterou cht\u011bj\u00ed. Zn\u00ed to hezky, ale realita u\u017e tak hezk\u00e1 nen\u00ed. Prvn\u00edm probl\u00e9mem jsou p\u0159epln\u011bn\u00e9 t\u0159\u00eddy a nedostatek u\u010ditel\u016f. K nim pak p\u0159ib\u00fdvaj\u00ed r\u016fzn\u00ed asistenti, kte\u0159\u00ed maj\u00ed pom\u00e1hat d\u011btem, kter\u00e9 jsou n\u011bjak\u00fdm zp\u016fsobem znev\u00fdhodn\u011bn\u00e9. Pokud se jedn\u00e1 o t\u011blesn\u00e9 posti\u017een\u00ed a d\u00edt\u011b jinak zvl\u00e1d\u00e1 l\u00e1tku a tempo zbytku t\u0159\u00eddy, pak v tom nen\u00ed probl\u00e9m. Naopak to m\u016f\u017ee ostatn\u00ed obohatit a nau\u010dit toleranci a n\u00e1pomoci a t\u011blesn\u011b posti\u017een\u00ed lid\u00e9 pro n\u011b budou b\u011b\u017enou sou\u010d\u00e1st\u00ed spole\u010dnosti a ne n\u011bkdo, na koho se na ulici z\u00edr\u00e1.  Pokud je ale d\u00edt\u011b ment\u00e1ln\u011b zaostal\u00e9, s v\u00fdrazn\u011b ni\u017e\u0161\u00edm IQ, ne\u017e maj\u00ed ostatn\u00ed d\u011bti ve t\u0159\u00edd\u011b, pak se jedn\u00e1 o probl\u00e9m pro celou t\u0159\u00eddu, i pro u\u010ditele. Nejen\u017ee se zpomaluje tempo v\u00fduky, ale tyto d\u011bti b\u00fdvaj\u00ed tak\u00e9 v\u011bt\u0161inou nesoust\u0159ed\u011bn\u00e9, vyru\u0161uj\u00ed nebo napadaj\u00ed ostatn\u00ed. U\u010ditel nen\u00ed p\u0159ipraven na to, aby jim uzp\u016fsoboval v\u00fduku a tak se rychle st\u00e1vaj\u00ed outsidery t\u0159\u00eddy. Zat\u00edmco ve speci\u00e1ln\u00edch \u0161kol\u00e1ch tvo\u0159ily mal\u00e9 skupinky, kter\u00e9 m\u011bly sv\u00e9 tempo v\u00fduky, l\u00e1tku, kterou dok\u00e1zaly zvl\u00e1dnout. Nakonec mil\u00e1 inkluze nejv\u00edce ubli\u017euje jim. Rovnost je hezk\u00e1 v\u011bc, ale nen\u00ed nade v\u0161e.                                                                                                                                                                                                                                                                                                                                                                                        4.1\/5 - (7 votes)        "},{"@context":"https:\/\/schema.org\/","@type":"BreadcrumbList","itemListElement":[{"@type":"ListItem","position":1,"name":"V\u0161echny d\u011bti jsou si rovny","item":"https:\/\/www.kuler.cz\/vsechny-deti-jsou-si-rovny\/#breadcrumbitem"}]}]