[{"@context":"https:\/\/schema.org\/","@type":"Article","@id":"https:\/\/www.kuler.cz\/velke-stehovani\/#Article","mainEntityOfPage":"https:\/\/www.kuler.cz\/velke-stehovani\/","headline":"Velk\u00e9 st\u011bhov\u00e1n\u00ed","name":"Velk\u00e9 st\u011bhov\u00e1n\u00ed","description":"V posledn\u00ed dob\u011b se velice mluv\u00ed o ekologii a tak\u00e9 o \u0161et\u0159en\u00ed, tak\u017ee se nen\u00ed \u010demu divit, \u017ee u\u017e jsou tak\u00e9 r\u016fzn\u00e9 firmy, kter\u00e9 v\u00e1m sl\u00edb\u00ed, \u017ee v\u00e1m v\u0161echno ud\u011blaj\u00ed ekologicky. A nejenom ekologicky, ale tak\u00e9 levn\u011b. J\u00e1 se p\u0159izn\u00e1m, \u017ee j\u00e1 osobn\u011b, kdy\u017e n\u011bkdo \u0159ekne slovo levn\u011b, tak na to sly\u0161\u00edm. Proto\u017ee podle m\u00e9ho [&hellip;]","datePublished":"2023-05-29","dateModified":"2023-05-29","author":{"@type":"Person","@id":"https:\/\/www.kuler.cz\/author\/#Person","name":"","url":"https:\/\/www.kuler.cz\/author\/","identifier":1,"image":{"@type":"ImageObject","@id":"https:\/\/secure.gravatar.com\/avatar\/dac37d998cdbc92cc7ee5d23d4d689a369122af40c5450007470acab45b61d68?s=96&d=mm&r=g","url":"https:\/\/secure.gravatar.com\/avatar\/dac37d998cdbc92cc7ee5d23d4d689a369122af40c5450007470acab45b61d68?s=96&d=mm&r=g","height":96,"width":96}},"publisher":{"@type":"Organization","name":"kuler.cz","logo":{"@type":"ImageObject","@id":"\/logo.png","url":"\/logo.png","width":600,"height":60}},"image":{"@type":"ImageObject","@id":"https:\/\/www.kuler.cz\/wp-content\/uploads\/kitchen-2165756_1280.jpg","url":"https:\/\/www.kuler.cz\/wp-content\/uploads\/kitchen-2165756_1280.jpg","height":0,"width":0},"url":"https:\/\/www.kuler.cz\/velke-stehovani\/","about":["Web"],"wordCount":455,"articleBody":"   V posledn\u00ed dob\u011b se velice mluv\u00ed o ekologii a tak\u00e9 o \u0161et\u0159en\u00ed, tak\u017ee se nen\u00ed \u010demu divit, \u017ee u\u017e jsou tak\u00e9 r\u016fzn\u00e9 firmy, kter\u00e9 v\u00e1m sl\u00edb\u00ed, \u017ee v\u00e1m v\u0161echno ud\u011blaj\u00ed ekologicky. A nejenom ekologicky, ale tak\u00e9 levn\u011b. J\u00e1 se p\u0159izn\u00e1m, \u017ee j\u00e1 osobn\u011b, kdy\u017e n\u011bkdo \u0159ekne slovo levn\u011b, tak na to sly\u0161\u00edm. Proto\u017ee podle m\u00e9ho n\u00e1zoru u\u017e je velice vhodn\u00e9, aby se d\u011blaly v\u011bci nebo slu\u017eby levn\u011bji, proto\u017ee v posledn\u00ed dob\u011b je ekonomicky trh velice slab\u00fd a v\u0161echno okolo je drah\u00e9. Mus\u00edm uznat, \u017ee jsem dokonce i synovi musela vy\u0159adit jeden fotbalov\u00fd krou\u017eek, proto\u017ee u\u017e mi na to nezb\u00fdvaly pen\u00edze. A vy se pt\u00e1te, pro\u010d nepomohl otec? Ten je nezn\u00e1mo kde, n\u011bkde v cizin\u011b, tak\u017ee on mi rozhodn\u011b nepom\u016f\u017ee. Ten na syna ka\u0161le a nechci m\u00edt s n\u00edm nic spole\u010dn\u00e9ho. A proto, kdy\u017e jsem se potom pot\u0159ebovala p\u0159est\u011bhovat, tak jsem se pod\u00edvala na webov\u00e9 str\u00e1nky odnesto.cz, kdy se m\u016f\u017eete p\u0159est\u011bhovat, a to opravdu ekologicky. Kdy\u017e jsem zjistila, \u017ee se m\u016f\u017eu tak\u00e9 p\u0159est\u011bhovat ekologicky, co\u017e je \u0161etrn\u00fdm zp\u016fsobem, tak jsem byla r\u00e1da. Je to pro m\u011b u\u017e priorita. Ekologii beru opravdu hodn\u011b v\u00e1\u017en\u011b. Je tak\u00e9 \u0161patn\u00e9, kdy\u017e lid\u00e9 nakupuj\u00ed \u00fapln\u011b bez hlav\u011b. Jako nap\u0159\u00edklad plastov\u00e9 ta\u0161ky anebo plastov\u00e1 br\u010dka. Ale samoz\u0159ejm\u011b existuje mnoho zp\u016fsob\u016f, jak m\u00edt \u017eivot lep\u0161\u00ed a v\u00edce ekologick\u00fd.A ekologicky se m\u016f\u017eeme tak\u00e9 chovat ve v\u00fdjime\u010dn\u00fdch situac\u00edch jako je nap\u0159\u00edklad st\u011bhov\u00e1n\u00ed. P\u0159est\u011bhujte se ekologicky https:\/\/www.odnesto.cz\/prestehujte-se-ekologicky\/! Bude nejlep\u0161\u00ed, kdy\u017e p\u0159i st\u011bhov\u00e1n\u00ed budete pou\u017e\u00edvat recyklovan\u00e9 nebo ekologick\u00e9 obaly. A kdy\u017e se pod\u00edv\u00e1te na zm\u00edn\u011bn\u00e9 webov\u00e9 str\u00e1nky, tak tady najdete opravdu plno rad. Je skv\u011bl\u00e9, \u017ee m\u00edsto plastov\u00fdch krabic m\u016f\u017eete zabalit sv\u00e9 v\u011bci do r\u016fzn\u00fdch n\u00e1dob nebo box\u016f, kter\u00e9 u\u017e m\u00e1te doma. M\u016f\u017eete pou\u017e\u00edt nap\u0159\u00edklad ko\u0161e na pr\u00e1dlo nebo ta\u0161ky anebo tak\u00e9 kufry. Z\u00e1le\u017e\u00ed na v\u00e1s, co doma m\u00e1te. M\u00edsto bublinkov\u00fdch f\u00f3li\u00ed nebo bal\u00edc\u00edho pap\u00edru m\u016f\u017eete v\u0161echno zabalit nap\u0159\u00edklad do p\u0159ikr\u00fdvek anebo dek, prost\u011b do toho, co m\u00e1te po ruce. Tak\u00e9 se sna\u017ete, aby ka\u017ed\u00e9 va\u0161e st\u011bhov\u00e1n\u00ed m\u011blo opravdu nejmen\u0161\u00ed uhl\u00edkovou stopu, co\u017e je v dne\u0161n\u00edm sv\u011bt\u011b opravdu velik\u00fd probl\u00e9m.                                                                                                                                                                                                                                                                                                                                                                                           5\/5 - (2 votes)        "},{"@context":"https:\/\/schema.org\/","@type":"BreadcrumbList","itemListElement":[{"@type":"ListItem","position":1,"name":"Velk\u00e9 st\u011bhov\u00e1n\u00ed","item":"https:\/\/www.kuler.cz\/velke-stehovani\/#breadcrumbitem"}]}]