[{"@context":"https:\/\/schema.org\/","@type":"Article","@id":"https:\/\/www.kuler.cz\/takova-mala-vilka\/#Article","mainEntityOfPage":"https:\/\/www.kuler.cz\/takova-mala-vilka\/","headline":"Takov\u00e1 mal\u00e1 vilka","name":"Takov\u00e1 mal\u00e1 vilka","description":"Domov m\u016f\u017ee m\u00edt r\u016fznou podobu. N\u011bkdo se spokoj\u00ed s malou garsoni\u00e9rou (mo\u017en\u00e1 i proto, \u017ee mu nic jin\u00e9ho nezb\u00fdv\u00e1) a pro n\u011bkoho je i rodinn\u00fd domek m\u00e1lo, a tak s\u00e1hne po luxusu. V minulosti byla takov\u00fdm luxusn\u00edm domem vila.Pokud bychom se dostali do d\u00e1vn\u00e9 minulosti, asi bychom nesta\u010dili z\u00edrat, co se pod t\u00edmto pojmem schov\u00e1valo [&hellip;]","datePublished":"2023-06-07","dateModified":"2023-06-07","author":{"@type":"Person","@id":"https:\/\/www.kuler.cz\/author\/#Person","name":"","url":"https:\/\/www.kuler.cz\/author\/","identifier":1,"image":{"@type":"ImageObject","@id":"https:\/\/secure.gravatar.com\/avatar\/dac37d998cdbc92cc7ee5d23d4d689a369122af40c5450007470acab45b61d68?s=96&d=mm&r=g","url":"https:\/\/secure.gravatar.com\/avatar\/dac37d998cdbc92cc7ee5d23d4d689a369122af40c5450007470acab45b61d68?s=96&d=mm&r=g","height":96,"width":96}},"publisher":{"@type":"Organization","name":"kuler.cz","logo":{"@type":"ImageObject","@id":"\/logo.png","url":"\/logo.png","width":600,"height":60}},"url":"https:\/\/www.kuler.cz\/takova-mala-vilka\/","wordCount":388,"articleBody":"Domov m\u016f\u017ee m\u00edt r\u016fznou podobu. N\u011bkdo se spokoj\u00ed s malou garsoni\u00e9rou (mo\u017en\u00e1 i proto, \u017ee mu nic jin\u00e9ho nezb\u00fdv\u00e1) a pro n\u011bkoho je i rodinn\u00fd domek m\u00e1lo, a tak s\u00e1hne po luxusu.V minulosti byla takov\u00fdm luxusn\u00edm domem vila.Pokud bychom se dostali do d\u00e1vn\u00e9 minulosti, asi bychom nesta\u010dili z\u00edrat, co se pod t\u00edmto pojmem schov\u00e1valo v\u00a0It\u00e1lii, p\u0159ed dv\u011bma tis\u00edci lety. Nejzn\u00e1m\u011bj\u0161\u00ed z t\u00e9 doby je ur\u010dit\u011b Hadri\u00e1nova vila. C\u00edsa\u0159sk\u00e1 rezidence, zab\u00edraj\u00edc\u00ed \u00fazem\u00ed o rozloze sto dvaceti hektar\u016f.Tak\u00e9 se sem toho hodn\u011b ve\u0161lo. Krom v\u00fdzdoby, kter\u00e1 byla velkolep\u00e1, bychom tu na\u0161li1.\u00a0\u00a0\u00a0\u00a0 sochy2.\u00a0\u00a0\u00a0\u00a0 font\u00e1ny3.\u00a0\u00a0\u00a0\u00a0 vodotrysky4.\u00a0\u00a0\u00a0\u00a0 fresky5.\u00a0\u00a0\u00a0\u00a0 sloupyNechyb\u011bly ani takov\u00e9 nezbytnosti jakoa)\u00a0\u00a0\u00a0\u00a0 dv\u011b knihovny (nem\u00e1m na mysli kus n\u00e1bytku, ale budovy)b)\u00a0\u00a0\u00a0 \u0158eck\u00e9 divadloc)\u00a0\u00a0\u00a0\u00a0 vodn\u00ed divadlod)\u00a0\u00a0\u00a0 l\u00e1zn\u011be)\u00a0\u00a0\u00a0\u00a0 rybn\u00edkf)\u00a0\u00a0\u00a0\u00a0\u00a0 n\u00e1m\u011bst\u00edNeuv\u011b\u0159iteln\u00e9. Ale i to, co z t\u00e9to \u201evilky\u201c zbylo, je p\u0159ekr\u00e1sn\u00e9. Mo\u017en\u00e1 pr\u00e1v\u011b proto byla zaps\u00e1na do Sv\u011btov\u00e9ho kulturn\u00edho d\u011bdictv\u00ed UNESCO.\tVila TugendhatVily si za\u010dali stav\u011bt bohat\u00ed m\u011b\u0161\u0165an\u00e9 i v \u010cech\u00e1ch. Samoz\u0159ejm\u011b, \u017ee vypadaly jinak. Pokud by byla ka\u017ed\u00e1 rozlohou jako ta Hadri\u00e1nova, m\u011bla by na\u0161e m\u011bsta t\u0159i \u010d\u00edsla popisn\u00e1. Nejv\u00edce jich vyrostlo v meziv\u00e1le\u010dn\u00e9m obdob\u00ed. V t\u00e9 dob\u011b vznikla i jedna z nejzn\u00e1m\u011bj\u0161\u00edch, vila Tugendhat v Brn\u011b. Sice v n\u00ed nenajdeme divadla ani n\u00e1m\u011bst\u00ed, ale to neznamen\u00e1, \u017ee jej\u00ed v\u00fdstavba byla z hlediska financ\u00ed nev\u00fdznamn\u00e1. Za pen\u00edze vlo\u017een\u00e9 do t\u00e9to vily by se postavilo t\u0159icet b\u011b\u017en\u00fdch rodinn\u00fdch dom\u016f. Je zaj\u00edmav\u00e9, \u017ee vypad\u00e1 jako n\u00edzk\u00fd jednopodla\u017en\u00ed d\u016fm. Zd\u00e1n\u00ed klame. Podla\u017e\u00ed m\u00e1 t\u0159i.Suter\u00e9n&#8211;\u00a0\u00a0\u00a0\u00a0\u00a0\u00a0\u00a0\u00a0 vzduchotechnika&#8211;\u00a0\u00a0\u00a0\u00a0\u00a0\u00a0\u00a0\u00a0 kotelna&#8211;\u00a0\u00a0\u00a0\u00a0\u00a0\u00a0\u00a0\u00a0 strojovna&#8211;\u00a0\u00a0\u00a0\u00a0\u00a0\u00a0\u00a0\u00a0 prostor pro slu\u017eebnictvoProst\u0159edn\u00ed podla\u017e\u00ed&#8211;\u00a0\u00a0\u00a0\u00a0\u00a0\u00a0\u00a0\u00a0 m\u00edstnosti obytn\u00e9&#8211;\u00a0\u00a0\u00a0\u00a0\u00a0\u00a0\u00a0\u00a0 m\u00edstnosti reprezentativn\u00edHorn\u00ed podla\u017e\u00ed\u00a0&#8211;\u00a0\u00a0\u00a0\u00a0\u00a0\u00a0\u00a0\u00a0 p\u0159ij\u00edmac\u00ed hala&#8211;\u00a0\u00a0\u00a0\u00a0\u00a0\u00a0\u00a0\u00a0 lo\u017enice&#8211;\u00a0\u00a0\u00a0\u00a0\u00a0\u00a0\u00a0\u00a0 d\u011btsk\u00e9 pokoje&#8211;\u00a0\u00a0\u00a0\u00a0\u00a0\u00a0\u00a0\u00a0 pokoj vychovatelky&#8211;\u00a0\u00a0\u00a0\u00a0\u00a0\u00a0\u00a0\u00a0 terasa\u00a0Pro svou naprostou v\u00fdjime\u010dnost byla tato vila tak\u00e9 zaps\u00e1na do Sv\u011btov\u00e9ho kulturn\u00edho d\u011bdictv\u00ed UNESCO. Jen byl jej\u00ed osud o mnoho smutn\u011bj\u0161\u00ed.                                                                                                                                                                                                                                                                                                                                                                                        3.9\/5 - (15 votes)        "},{"@context":"https:\/\/schema.org\/","@type":"BreadcrumbList","itemListElement":[{"@type":"ListItem","position":1,"name":"Takov\u00e1 mal\u00e1 vilka","item":"https:\/\/www.kuler.cz\/takova-mala-vilka\/#breadcrumbitem"}]}]