[{"@context":"https:\/\/schema.org\/","@type":"Article","@id":"https:\/\/www.kuler.cz\/rodiny-s-malym-ditetem-si-od-noveho-roku-financne-polepsi-jake-podminky-musite-splnit\/#Article","mainEntityOfPage":"https:\/\/www.kuler.cz\/rodiny-s-malym-ditetem-si-od-noveho-roku-financne-polepsi-jake-podminky-musite-splnit\/","headline":"Rodiny s mal\u00fdm d\u00edt\u011btem si od nov\u00e9ho roku finan\u010dn\u011b polep\u0161\u00ed. Jak\u00e9 podm\u00ednky mus\u00edte splnit?","name":"Rodiny s mal\u00fdm d\u00edt\u011btem si od nov\u00e9ho roku finan\u010dn\u011b polep\u0161\u00ed. Jak\u00e9 podm\u00ednky mus\u00edte splnit?","description":"Pokud pob\u00edr\u00e1te v sou\u010dasn\u00e9 dob\u011b rodi\u010dovsk\u00fd p\u0159\u00edsp\u011bvek, zajist\u00e9 netrp\u011bliv\u011b vyhl\u00ed\u017e\u00edte schv\u00e1len\u00ed n\u00e1vrhu z\u00e1kona o zv\u00fd\u0161en\u00ed t\u00e9to d\u00e1vky od 1. 1. 2020 a m\u00e1te obavy, zda i vy dos\u00e1hnete na zv\u00fd\u0161en\u00ed rodi\u010dovsk\u00e9ho p\u0159\u00edsp\u011bvku.&#13; Prvn\u00ed d\u016fle\u017eit\u00e1 v\u011bc je ta, \u017ee n\u00e1vrh ministryn\u011b pr\u00e1ce a soci\u00e1ln\u00edch v\u011bc\u00ed Jany Mal\u00e1\u010dov\u00e9, kter\u00fd ji\u017e pro\u0161el prvn\u00ed \u010dten\u00edm ve sn\u011bmovn\u011b, po\u010d\u00edt\u00e1 s [&hellip;]","datePublished":"2019-08-06","dateModified":"2023-06-07","author":{"@type":"Person","@id":"https:\/\/www.kuler.cz\/author\/#Person","name":"","url":"https:\/\/www.kuler.cz\/author\/","identifier":1,"image":{"@type":"ImageObject","@id":"https:\/\/secure.gravatar.com\/avatar\/dac37d998cdbc92cc7ee5d23d4d689a369122af40c5450007470acab45b61d68?s=96&d=mm&r=g","url":"https:\/\/secure.gravatar.com\/avatar\/dac37d998cdbc92cc7ee5d23d4d689a369122af40c5450007470acab45b61d68?s=96&d=mm&r=g","height":96,"width":96}},"publisher":{"@type":"Organization","name":"kuler.cz","logo":{"@type":"ImageObject","@id":"\/logo.png","url":"\/logo.png","width":600,"height":60}},"image":{"@type":"ImageObject","@id":"https:\/\/www.kuler.cz\/wp-content\/uploads\/img_a351686_w2432_t1566140850.jpg","url":"https:\/\/www.kuler.cz\/wp-content\/uploads\/img_a351686_w2432_t1566140850.jpg","height":0,"width":0},"url":"https:\/\/www.kuler.cz\/rodiny-s-malym-ditetem-si-od-noveho-roku-financne-polepsi-jake-podminky-musite-splnit\/","about":["Finance"],"wordCount":640,"articleBody":"Pokud pob\u00edr\u00e1te v sou\u010dasn\u00e9 dob\u011b rodi\u010dovsk\u00fd p\u0159\u00edsp\u011bvek, zajist\u00e9 netrp\u011bliv\u011b vyhl\u00ed\u017e\u00edte schv\u00e1len\u00ed n\u00e1vrhu z\u00e1kona o zv\u00fd\u0161en\u00ed t\u00e9to d\u00e1vky od 1. 1. 2020 a m\u00e1te obavy, zda i vy dos\u00e1hnete na zv\u00fd\u0161en\u00ed rodi\u010dovsk\u00e9ho p\u0159\u00edsp\u011bvku.&#13; Prvn\u00ed d\u016fle\u017eit\u00e1 v\u011bc je ta, \u017ee n\u00e1vrh ministryn\u011b pr\u00e1ce a soci\u00e1ln\u00edch v\u011bc\u00ed Jany Mal\u00e1\u010dov\u00e9, kter\u00fd ji\u017e pro\u0161el prvn\u00ed \u010dten\u00edm ve sn\u011bmovn\u011b, po\u010d\u00edt\u00e1 s nav\u00fd\u0161en\u00edm rodi\u010dovsk\u00e9ho p\u0159\u00edsp\u011bvku v\u0161em rodin\u00e1m, kter\u00e9 ho budou k lednu 2020 aktivn\u011b \u010derpat.&#13; Pokud m\u00e1te v sou\u010dasn\u00e9 dob\u011b \u010d\u00e1stku rodi\u010dovsk\u00e9ho p\u0159\u00edsp\u011bvku ve v\u011bt\u0161\u00ed m\u00ed\u0159e vy\u010derpanou, m\u011bli byste si za\u0159\u00eddit, aby v\u00e1m \u010derp\u00e1n\u00ed d\u00e1vky vy\u0161lo alespo\u0148 do ledna 2020, a to za podm\u00ednky, \u017ee va\u0161e d\u00edt\u011b bude k tomuto datu mlad\u0161\u00ed 4 let. \u017d\u00e1dost o zm\u011bnu v\u00fd\u0161e rodi\u010dovsk\u00e9ho p\u0159\u00edsp\u011bvku m\u016f\u017eete podat na \u00fa\u0159adu pr\u00e1ce v\u017edy jednou po 3 cel\u00fdch vypl\u00e1cen\u00fdch m\u011bs\u00edc\u00edch d\u00e1vky. Nenech\u00e1vejte zm\u011bnu na posledn\u00ed chv\u00edli a pamatujte na jeden \u201echyt\u00e1k\u201c. Pokud si rozpo\u010d\u00edt\u00e1te d\u00e1vku p\u0159esn\u011b po m\u011bs\u00edc\u00edch tak, aby v\u00e1m vy\u0161lo \u010derp\u00e1n\u00ed je\u0161t\u011b do ledna p\u0159\u00ed\u0161t\u00edho roku, nemuselo by v\u00e1m to vyj\u00edt. A to proto, \u017ee rodi\u010dovsk\u00fd p\u0159\u00edsp\u011bvek se \u010derp\u00e1 podle ur\u010dit\u00fdch pravidel a jedn\u00edm z nich je to, \u017ee s posledn\u00ed d\u00e1vkou se vypl\u00e1c\u00ed i tzv. doplatek.&#13; Co to znamen\u00e1?&#13; Pokud je posledn\u00ed m\u011bs\u00ed\u010dn\u00ed d\u00e1vka vypl\u00e1cen\u00e9ho rodi\u010dovsk\u00e9ho p\u0159\u00edsp\u011bvku ni\u017e\u0161\u00ed ne\u017e standardn\u00ed m\u011bs\u00ed\u010dn\u00ed d\u00e1vka (tj. d\u00e1vka, kterou jste dosud ka\u017ed\u00fd m\u011bs\u00edc pravideln\u011b dost\u00e1vala), vyplat\u00ed se tato posledn\u00ed d\u00e1vka (doplatek) spolu s tou p\u0159edposledn\u00ed (b\u011b\u017en\u00e1 pravideln\u00e1 d\u00e1vka). To znamen\u00e1, \u017ee v jednom m\u011bs\u00edci obdr\u017e\u00edte nar\u00e1z defacto 2 d\u00e1vky! Na to je nutno pamatovat, obzvl\u00e1\u0161t\u011b, pokud jste si d\u00e1vku rozpo\u010d\u00edtala pravideln\u011b do ka\u017ed\u00e9ho m\u011bs\u00edce s t\u00edm, \u017ee i doplatek jste si zapo\u010d\u00edtala samostatn\u011b do dal\u0161\u00edho m\u011bs\u00edce jako posledn\u00edho.&#13; Sn\u00ed\u017eit \u010derp\u00e1n\u00ed rodi\u010dovsk\u00e9ho p\u0159\u00edsp\u011bvku m\u016f\u017eete a\u017e na 50,- K\u010d m\u011bs\u00ed\u010dn\u011b, ale pamatujte tak\u00e9 na to, \u017ee limit nejpozd\u011bj\u0161\u00edho \u010derp\u00e1n\u00ed rodi\u010dovsk\u00e9ho p\u0159\u00edsp\u011bvku z\u016fst\u00e1v\u00e1 do 4 let v\u011bku nejmlad\u0161\u00edho d\u00edt\u011bte v rodin\u011b! Tak\u017ee si zbyte\u010dn\u011b moc d\u00e1vku nesni\u017eujte, jen na pot\u0159ebn\u00fd limit, abyste dos\u00e1hla aktivn\u00edho \u010derp\u00e1n\u00ed je\u0161t\u011b v lednu 2020. Jakmile dos\u00e1hnete aktivn\u00edho \u010derp\u00e1n\u00ed v lednu p\u0159\u00ed\u0161t\u00edho roku, je dobr\u00e9, zvl\u00e1\u0161t\u011b, pokud se bl\u00ed\u017e\u00ed \u010dtvrt\u00e9 narozeniny va\u0161eho d\u00edt\u011bte, znovu po\u017e\u00e1dat o zm\u011bnu ve vypl\u00e1cen\u00ed a m\u011bs\u00ed\u010dn\u00ed d\u00e1vku si op\u011bt nav\u00fd\u0161it.&#13; M\u016f\u017ee se st\u00e1t, \u017ee ale d\u00edky va\u0161emu n\u00edzk\u00e9mu vym\u011b\u0159ovac\u00edmu z\u00e1kladu si nebudete moci m\u011bs\u00ed\u010dn\u00ed d\u00e1vku nav\u00fd\u0161it tak, abyste do 4 let v\u011bku d\u00edt\u011bte cel\u00e9 nav\u00fd\u0161en\u00ed 80.000, &#8211; K\u010d vy\u010derpala. Existuje je\u0161t\u011b jedna mo\u017enost, jak se k pen\u011bz\u016fm dostat. M\u016f\u017eete po\u017e\u00e1dat o \u010derp\u00e1n\u00ed d\u00e1vky z vym\u011b\u0159ovac\u00edho z\u00e1kladu otce d\u00edt\u011bte \u2013 pokud otec d\u00edt\u011bte m\u00e1 vy\u0161\u0161\u00ed p\u0159\u00edjmy ne\u017e vy. T\u00edm se m\u016f\u017ee vypl\u00e1cen\u00e1 m\u011bs\u00ed\u010dn\u00ed d\u00e1vka nav\u00fd\u0161it a vy dos\u00e1hnete na do\u010derp\u00e1n\u00ed nav\u00fd\u0161en\u00e9ho rodi\u010dovsk\u00e9ho p\u0159\u00edsp\u011bvku.                                                                                                                                                                                                                                                                                                                                                                                        4.5\/5 - (8 votes)        "},{"@context":"https:\/\/schema.org\/","@type":"BreadcrumbList","itemListElement":[{"@type":"ListItem","position":1,"name":"Rodiny s mal\u00fdm d\u00edt\u011btem si od nov\u00e9ho roku finan\u010dn\u011b polep\u0161\u00ed. Jak\u00e9 podm\u00ednky mus\u00edte splnit?","item":"https:\/\/www.kuler.cz\/rodiny-s-malym-ditetem-si-od-noveho-roku-financne-polepsi-jake-podminky-musite-splnit\/#breadcrumbitem"}]}]