[{"@context":"https:\/\/schema.org\/","@type":"Article","@id":"https:\/\/www.kuler.cz\/probouzejte-se-nabiti-energii\/#Article","mainEntityOfPage":"https:\/\/www.kuler.cz\/probouzejte-se-nabiti-energii\/","headline":"Probouzejte se nabit\u00ed energi\u00ed","name":"Probouzejte se nabit\u00ed energi\u00ed","description":"Tr\u00e1p\u00ed v\u00e1s \u010dasto bolesti hlavy? Neda\u0159\u00ed se v\u00e1m zjistit p\u0159\u00ed\u010dinu t\u011bchto neduh\u016f, ale zna\u010dn\u011b v\u00e1s to omezuje a unavuje? R\u00e1di byste spali tvrd\u011b a r\u00e1no se probouzeli nabit\u00ed energi\u00ed? Nel\u00edb\u00ed se v\u00e1m, jak je v\u00e1\u0161 domov za\u0159\u00edzen a r\u00e1di byste v n\u011bm provedli n\u011bjakou radik\u00e1ln\u00ed zm\u011bnu? Nejste v\u0161ak p\u0159\u00edli\u0161 zdatn\u00ed v designu a n\u00e1vrh\u00e1\u0159stv\u00ed, a [&hellip;]","datePublished":"2023-10-21","dateModified":"2023-10-21","author":{"@type":"Person","@id":"https:\/\/www.kuler.cz\/author\/#Person","name":"","url":"https:\/\/www.kuler.cz\/author\/","identifier":1,"image":{"@type":"ImageObject","@id":"https:\/\/secure.gravatar.com\/avatar\/dac37d998cdbc92cc7ee5d23d4d689a369122af40c5450007470acab45b61d68?s=96&d=mm&r=g","url":"https:\/\/secure.gravatar.com\/avatar\/dac37d998cdbc92cc7ee5d23d4d689a369122af40c5450007470acab45b61d68?s=96&d=mm&r=g","height":96,"width":96}},"publisher":{"@type":"Organization","name":"kuler.cz","logo":{"@type":"ImageObject","@id":"\/logo.png","url":"\/logo.png","width":600,"height":60}},"url":"https:\/\/www.kuler.cz\/probouzejte-se-nabiti-energii\/","wordCount":230,"articleBody":"Tr\u00e1p\u00ed v\u00e1s \u010dasto bolesti hlavy? Neda\u0159\u00ed se v\u00e1m zjistit p\u0159\u00ed\u010dinu t\u011bchto neduh\u016f, ale zna\u010dn\u011b v\u00e1s to omezuje a unavuje? R\u00e1di byste spali tvrd\u011b a r\u00e1no se probouzeli nabit\u00ed energi\u00ed? Nel\u00edb\u00ed se v\u00e1m, jak je v\u00e1\u0161 domov za\u0159\u00edzen a r\u00e1di byste v n\u011bm provedli n\u011bjakou radik\u00e1ln\u00ed zm\u011bnu? Nejste v\u0161ak p\u0159\u00edli\u0161 zdatn\u00ed v designu a n\u00e1vrh\u00e1\u0159stv\u00ed, a proto byste pot\u0159ebovali inspiraci? Pak se v\u00e1m jist\u011b zal\u00edb\u00ed na\u0161e internetov\u00e9 str\u00e1nky, proto\u017ee pr\u00e1v\u011b zde naleznete nespo\u010det fotografi\u00ed, se kter\u00fdmi se v\u00e1m poda\u0159\u00ed za\u0159\u00eddit feng \u0161uej bydlen\u00ed.Zlep\u0161ete si va\u0161e \u017eivotn\u00ed podm\u00ednkyRozlo\u017een\u00ed jednotliv\u00fdch kus\u016f n\u00e1bytku a pou\u017eit\u00ed barev ve va\u0161em domu je toti\u017e d\u016fle\u017eit\u00e9 nejen pro celkov\u00fd dojem, ale tak\u00e9 hlavn\u011b pro harmonii, tedy pro spr\u00e1vn\u00e9 proud\u011bn\u00ed energie. Feng \u0161uej v\u00e1m pom\u016f\u017ee udr\u017eovat v\u00e1\u0161 byt ve spr\u00e1vn\u00e9 rovnov\u00e1ze a nastol\u00ed tak podm\u00ednky pro va\u0161i lep\u0161\u00ed \u017eivotn\u00ed situaci a dokonce v\u00e1m m\u016f\u017ee pomoci ve va\u0161ich vztaz\u00edch. Proto nev\u00e1hejte a nav\u0161tivte na\u0161e internetov\u00e9 str\u00e1nky, proto\u017ee pouze tak m\u016f\u017eete na\u010derpat pot\u0159ebnou inspiraci k tomu, abyste byli ve va\u0161em domov\u011b opravdu spokojen\u00ed.                                                                                                                                                                                                                                                                                                                                                                                        4.2\/5 - (6 votes)        "},{"@context":"https:\/\/schema.org\/","@type":"BreadcrumbList","itemListElement":[{"@type":"ListItem","position":1,"name":"Probouzejte se nabit\u00ed energi\u00ed","item":"https:\/\/www.kuler.cz\/probouzejte-se-nabiti-energii\/#breadcrumbitem"}]}]