[{"@context":"https:\/\/schema.org\/","@type":"Blog","@id":"https:\/\/www.kuler.cz#Blog","headline":"K\u016fler","description":"\nLeckdy by se mohlo zd\u00e1t, \u017ee z\u00a0tohoto sv\u011bta kamsi miz\u00ed dobro. Ale v\u011b\u0159te, \u017ee nemiz\u00ed. Jenom se houfn\u011b p\u0159esouv\u00e1 na n\u00e1\u0161 web, kde ho kdykoliv najdete.","url":"https:\/\/www.kuler.cz","hasPart":[{"@type":"Article","@id":"https:\/\/www.kuler.cz\/zakazana-danova-diskriminace-strasak-pro-kazdy-autonomni-stat\/","headline":"Zak\u00e1zan\u00e1 da\u0148ov\u00e1 diskriminace \u2013 stra\u0161\u00e1k pro ka\u017ed\u00fd autonomn\u00ed st\u00e1t","url":"https:\/\/www.kuler.cz\/zakazana-danova-diskriminace-strasak-pro-kazdy-autonomni-stat\/","datePublished":"2023-06-07","dateModified":"2023-06-07","mainEntityOfPage":"https:\/\/www.kuler.cz\/zakazana-danova-diskriminace-strasak-pro-kazdy-autonomni-stat\/","author":{"@type":"Person","@id":"https:\/\/www.kuler.cz\/author\/#Person","name":"","url":"https:\/\/www.kuler.cz\/author\/","identifier":1,"image":{"@type":"ImageObject","@id":"https:\/\/secure.gravatar.com\/avatar\/dac37d998cdbc92cc7ee5d23d4d689a369122af40c5450007470acab45b61d68?s=96&d=mm&r=g","url":"https:\/\/secure.gravatar.com\/avatar\/dac37d998cdbc92cc7ee5d23d4d689a369122af40c5450007470acab45b61d68?s=96&d=mm&r=g","height":96,"width":96}},"publisher":{"@type":"Organization","name":"kuler.cz","logo":{"@type":"ImageObject","@id":"\/logo.png","url":"\/logo.png","width":600,"height":60}},"image":{"@type":"ImageObject","@id":"https:\/\/www.kuler.cz\/wp-content\/uploads\/img_a321382_w2102_t1532631754.png","url":"https:\/\/www.kuler.cz\/wp-content\/uploads\/img_a321382_w2102_t1532631754.png","height":0,"width":0},"wordCount":474,"keywords":null},{"@type":"Article","@id":"https:\/\/www.kuler.cz\/dulezity-zavazek-rodinny-podnik\/","headline":"D\u016fle\u017eit\u00fd z\u00e1vazek \u2013 rodinn\u00fd podnik","url":"https:\/\/www.kuler.cz\/dulezity-zavazek-rodinny-podnik\/","datePublished":"2023-06-07","dateModified":"2023-06-07","mainEntityOfPage":"https:\/\/www.kuler.cz\/dulezity-zavazek-rodinny-podnik\/","author":{"@type":"Person","@id":"https:\/\/www.kuler.cz\/author\/#Person","name":"","url":"https:\/\/www.kuler.cz\/author\/","identifier":1,"image":{"@type":"ImageObject","@id":"https:\/\/secure.gravatar.com\/avatar\/dac37d998cdbc92cc7ee5d23d4d689a369122af40c5450007470acab45b61d68?s=96&d=mm&r=g","url":"https:\/\/secure.gravatar.com\/avatar\/dac37d998cdbc92cc7ee5d23d4d689a369122af40c5450007470acab45b61d68?s=96&d=mm&r=g","height":96,"width":96}},"publisher":{"@type":"Organization","name":"kuler.cz","logo":{"@type":"ImageObject","@id":"\/logo.png","url":"\/logo.png","width":600,"height":60}},"image":{"@type":"ImageObject","@id":"https:\/\/www.kuler.cz\/wp-content\/uploads\/img_a313772_w2555_t1524600832.jpg","url":"https:\/\/www.kuler.cz\/wp-content\/uploads\/img_a313772_w2555_t1524600832.jpg","height":0,"width":0},"wordCount":588,"keywords":null},{"@type":"Article","@id":"https:\/\/www.kuler.cz\/kdyz-prezentace-nejsou-vas-salek-caje\/","headline":"Kdy\u017e prezentace nejsou V\u00e1\u0161 \u0161\u00e1lek \u010daje","url":"https:\/\/www.kuler.cz\/kdyz-prezentace-nejsou-vas-salek-caje\/","datePublished":"2023-06-07","dateModified":"2023-06-07","mainEntityOfPage":"https:\/\/www.kuler.cz\/kdyz-prezentace-nejsou-vas-salek-caje\/","author":{"@type":"Person","@id":"https:\/\/www.kuler.cz\/author\/#Person","name":"","url":"https:\/\/www.kuler.cz\/author\/","identifier":1,"image":{"@type":"ImageObject","@id":"https:\/\/secure.gravatar.com\/avatar\/dac37d998cdbc92cc7ee5d23d4d689a369122af40c5450007470acab45b61d68?s=96&d=mm&r=g","url":"https:\/\/secure.gravatar.com\/avatar\/dac37d998cdbc92cc7ee5d23d4d689a369122af40c5450007470acab45b61d68?s=96&d=mm&r=g","height":96,"width":96}},"publisher":{"@type":"Organization","name":"kuler.cz","logo":{"@type":"ImageObject","@id":"\/logo.png","url":"\/logo.png","width":600,"height":60}},"image":{"@type":"ImageObject","@id":"https:\/\/www.kuler.cz\/wp-content\/uploads\/img_a310025_w2148_t1520960857.png","url":"https:\/\/www.kuler.cz\/wp-content\/uploads\/img_a310025_w2148_t1520960857.png","height":0,"width":0},"wordCount":476,"keywords":null},{"@type":"Article","@id":"https:\/\/www.kuler.cz\/rodinny-dum-na-klic-ano-ci-ne\/","headline":"Rodinn\u00fd d\u016fm na kl\u00ed\u010d \u2013 ano \u010di ne?","url":"https:\/\/www.kuler.cz\/rodinny-dum-na-klic-ano-ci-ne\/","datePublished":"2023-06-07","dateModified":"2023-06-07","mainEntityOfPage":"https:\/\/www.kuler.cz\/rodinny-dum-na-klic-ano-ci-ne\/","author":{"@type":"Person","@id":"https:\/\/www.kuler.cz\/author\/#Person","name":"","url":"https:\/\/www.kuler.cz\/author\/","identifier":1,"image":{"@type":"ImageObject","@id":"https:\/\/secure.gravatar.com\/avatar\/dac37d998cdbc92cc7ee5d23d4d689a369122af40c5450007470acab45b61d68?s=96&d=mm&r=g","url":"https:\/\/secure.gravatar.com\/avatar\/dac37d998cdbc92cc7ee5d23d4d689a369122af40c5450007470acab45b61d68?s=96&d=mm&r=g","height":96,"width":96}},"publisher":{"@type":"Organization","name":"kuler.cz","logo":{"@type":"ImageObject","@id":"\/logo.png","url":"\/logo.png","width":600,"height":60}},"image":{"@type":"ImageObject","@id":"https:\/\/www.kuler.cz\/wp-content\/uploads\/img_a309572_w2071_t1520505112.png","url":"https:\/\/www.kuler.cz\/wp-content\/uploads\/img_a309572_w2071_t1520505112.png","height":0,"width":0},"wordCount":598,"keywords":null},{"@type":"Article","@id":"https:\/\/www.kuler.cz\/bohatsi-o-par-tisic-navic\/","headline":"Bohat\u0161\u00ed o p\u00e1r tis\u00edc nav\u00edc","url":"https:\/\/www.kuler.cz\/bohatsi-o-par-tisic-navic\/","datePublished":"2023-06-07","dateModified":"2023-06-07","mainEntityOfPage":"https:\/\/www.kuler.cz\/bohatsi-o-par-tisic-navic\/","author":{"@type":"Person","@id":"https:\/\/www.kuler.cz\/author\/#Person","name":"","url":"https:\/\/www.kuler.cz\/author\/","identifier":1,"image":{"@type":"ImageObject","@id":"https:\/\/secure.gravatar.com\/avatar\/dac37d998cdbc92cc7ee5d23d4d689a369122af40c5450007470acab45b61d68?s=96&d=mm&r=g","url":"https:\/\/secure.gravatar.com\/avatar\/dac37d998cdbc92cc7ee5d23d4d689a369122af40c5450007470acab45b61d68?s=96&d=mm&r=g","height":96,"width":96}},"publisher":{"@type":"Organization","name":"kuler.cz","logo":{"@type":"ImageObject","@id":"\/logo.png","url":"\/logo.png","width":600,"height":60}},"image":{"@type":"ImageObject","@id":"https:\/\/www.kuler.cz\/wp-content\/uploads\/img_a309368_w2285_t1520284140.jpg","url":"https:\/\/www.kuler.cz\/wp-content\/uploads\/img_a309368_w2285_t1520284140.jpg","height":0,"width":0},"wordCount":596,"keywords":null},{"@type":"Article","@id":"https:\/\/www.kuler.cz\/zelenina-a-ovoce-od-farmaru-na-vas-stul\/","headline":"Zelenina a ovoce od farm\u00e1\u0159\u016f na V\u00e1\u0161 st\u016fl!","url":"https:\/\/www.kuler.cz\/zelenina-a-ovoce-od-farmaru-na-vas-stul\/","datePublished":"2023-06-07","dateModified":"2023-06-07","mainEntityOfPage":"https:\/\/www.kuler.cz\/zelenina-a-ovoce-od-farmaru-na-vas-stul\/","author":{"@type":"Person","@id":"https:\/\/www.kuler.cz\/author\/#Person","name":"","url":"https:\/\/www.kuler.cz\/author\/","identifier":1,"image":{"@type":"ImageObject","@id":"https:\/\/secure.gravatar.com\/avatar\/dac37d998cdbc92cc7ee5d23d4d689a369122af40c5450007470acab45b61d68?s=96&d=mm&r=g","url":"https:\/\/secure.gravatar.com\/avatar\/dac37d998cdbc92cc7ee5d23d4d689a369122af40c5450007470acab45b61d68?s=96&d=mm&r=g","height":96,"width":96}},"publisher":{"@type":"Organization","name":"kuler.cz","logo":{"@type":"ImageObject","@id":"\/logo.png","url":"\/logo.png","width":600,"height":60}},"image":{"@type":"ImageObject","@id":"https:\/\/www.kuler.cz\/wp-content\/uploads\/img_a309157_w1944_t1520152251.jpg","url":"https:\/\/www.kuler.cz\/wp-content\/uploads\/img_a309157_w1944_t1520152251.jpg","height":0,"width":0},"wordCount":498,"keywords":null},{"@type":"Article","@id":"https:\/\/www.kuler.cz\/nejdulezitejsi-je-pracovni-tym\/","headline":"Nejd\u016fle\u017eit\u011bj\u0161\u00ed je pracovn\u00ed t\u00fdm","url":"https:\/\/www.kuler.cz\/nejdulezitejsi-je-pracovni-tym\/","datePublished":"2023-06-07","dateModified":"2023-06-07","mainEntityOfPage":"https:\/\/www.kuler.cz\/nejdulezitejsi-je-pracovni-tym\/","author":{"@type":"Person","@id":"https:\/\/www.kuler.cz\/author\/#Person","name":"","url":"https:\/\/www.kuler.cz\/author\/","identifier":1,"image":{"@type":"ImageObject","@id":"https:\/\/secure.gravatar.com\/avatar\/dac37d998cdbc92cc7ee5d23d4d689a369122af40c5450007470acab45b61d68?s=96&d=mm&r=g","url":"https:\/\/secure.gravatar.com\/avatar\/dac37d998cdbc92cc7ee5d23d4d689a369122af40c5450007470acab45b61d68?s=96&d=mm&r=g","height":96,"width":96}},"publisher":{"@type":"Organization","name":"kuler.cz","logo":{"@type":"ImageObject","@id":"\/logo.png","url":"\/logo.png","width":600,"height":60}},"image":{"@type":"ImageObject","@id":"https:\/\/www.kuler.cz\/wp-content\/uploads\/img_a308776_w2397_t1519832286.jpg","url":"https:\/\/www.kuler.cz\/wp-content\/uploads\/img_a308776_w2397_t1519832286.jpg","height":0,"width":0},"wordCount":466,"keywords":null},{"@type":"Article","@id":"https:\/\/www.kuler.cz\/vsechny-deti-jsou-si-rovny\/","headline":"V\u0161echny d\u011bti jsou si rovny","url":"https:\/\/www.kuler.cz\/vsechny-deti-jsou-si-rovny\/","datePublished":"2023-06-07","dateModified":"2023-06-07","mainEntityOfPage":"https:\/\/www.kuler.cz\/vsechny-deti-jsou-si-rovny\/","author":{"@type":"Person","@id":"https:\/\/www.kuler.cz\/author\/#Person","name":"","url":"https:\/\/www.kuler.cz\/author\/","identifier":1,"image":{"@type":"ImageObject","@id":"https:\/\/secure.gravatar.com\/avatar\/dac37d998cdbc92cc7ee5d23d4d689a369122af40c5450007470acab45b61d68?s=96&d=mm&r=g","url":"https:\/\/secure.gravatar.com\/avatar\/dac37d998cdbc92cc7ee5d23d4d689a369122af40c5450007470acab45b61d68?s=96&d=mm&r=g","height":96,"width":96}},"publisher":{"@type":"Organization","name":"kuler.cz","logo":{"@type":"ImageObject","@id":"\/logo.png","url":"\/logo.png","width":600,"height":60}},"image":{"@type":"ImageObject","@id":"https:\/\/www.kuler.cz\/wp-content\/uploads\/img_a306466_w2204_t1517819610.jpg","url":"https:\/\/www.kuler.cz\/wp-content\/uploads\/img_a306466_w2204_t1517819610.jpg","height":0,"width":0},"wordCount":477,"keywords":null},{"@type":"Article","@id":"https:\/\/www.kuler.cz\/valna-nevalna-hromada-jedno-velke-divadlo\/","headline":"Valn\u00e1 nevaln\u00e1 hromada \u2013 jedno velk\u00e9 divadlo?","url":"https:\/\/www.kuler.cz\/valna-nevalna-hromada-jedno-velke-divadlo\/","datePublished":"2023-06-07","dateModified":"2023-06-07","mainEntityOfPage":"https:\/\/www.kuler.cz\/valna-nevalna-hromada-jedno-velke-divadlo\/","author":{"@type":"Person","@id":"https:\/\/www.kuler.cz\/author\/#Person","name":"","url":"https:\/\/www.kuler.cz\/author\/","identifier":1,"image":{"@type":"ImageObject","@id":"https:\/\/secure.gravatar.com\/avatar\/dac37d998cdbc92cc7ee5d23d4d689a369122af40c5450007470acab45b61d68?s=96&d=mm&r=g","url":"https:\/\/secure.gravatar.com\/avatar\/dac37d998cdbc92cc7ee5d23d4d689a369122af40c5450007470acab45b61d68?s=96&d=mm&r=g","height":96,"width":96}},"publisher":{"@type":"Organization","name":"kuler.cz","logo":{"@type":"ImageObject","@id":"\/logo.png","url":"\/logo.png","width":600,"height":60}},"image":{"@type":"ImageObject","@id":"https:\/\/www.kuler.cz\/wp-content\/uploads\/img_a303562_w2161_t1513931554.jpg","url":"https:\/\/www.kuler.cz\/wp-content\/uploads\/img_a303562_w2161_t1513931554.jpg","height":0,"width":0},"wordCount":513,"keywords":null},{"@type":"Article","@id":"https:\/\/www.kuler.cz\/nosal-jako-domaci-mazlicek\/","headline":"Nos\u00e1l jako dom\u00e1c\u00ed mazl\u00ed\u010dek","url":"https:\/\/www.kuler.cz\/nosal-jako-domaci-mazlicek\/","datePublished":"2023-06-07","dateModified":"2023-06-07","mainEntityOfPage":"https:\/\/www.kuler.cz\/nosal-jako-domaci-mazlicek\/","author":{"@type":"Person","@id":"https:\/\/www.kuler.cz\/author\/#Person","name":"","url":"https:\/\/www.kuler.cz\/author\/","identifier":1,"image":{"@type":"ImageObject","@id":"https:\/\/secure.gravatar.com\/avatar\/dac37d998cdbc92cc7ee5d23d4d689a369122af40c5450007470acab45b61d68?s=96&d=mm&r=g","url":"https:\/\/secure.gravatar.com\/avatar\/dac37d998cdbc92cc7ee5d23d4d689a369122af40c5450007470acab45b61d68?s=96&d=mm&r=g","height":96,"width":96}},"publisher":{"@type":"Organization","name":"kuler.cz","logo":{"@type":"ImageObject","@id":"\/logo.png","url":"\/logo.png","width":600,"height":60}},"image":{"@type":"ImageObject","@id":"https:\/\/www.kuler.cz\/wp-content\/uploads\/img_a301425_w1758_t1511470062.jpg","url":"https:\/\/www.kuler.cz\/wp-content\/uploads\/img_a301425_w1758_t1511470062.jpg","height":0,"width":0},"wordCount":2857,"keywords":null}]},{"@context":"https:\/\/schema.org","@type":"WebSite","@id":"https:\/\/www.kuler.cz\/#website","name":"K\u016fler","url":"https:\/\/www.kuler.cz","potentialAction":{"@type":"SearchAction","target":"https:\/\/www.kuler.cz\/?s={search_term_string}","query-input":"required name=search_term_string"}}]