[{"@context":"https:\/\/schema.org\/","@type":"Blog","@id":"https:\/\/www.kuler.cz#Blog","headline":"K\u016fler","description":"\nLeckdy by se mohlo zd\u00e1t, \u017ee z\u00a0tohoto sv\u011bta kamsi miz\u00ed dobro. Ale v\u011b\u0159te, \u017ee nemiz\u00ed. Jenom se houfn\u011b p\u0159esouv\u00e1 na n\u00e1\u0161 web, kde ho kdykoliv najdete.","url":"https:\/\/www.kuler.cz","hasPart":[{"@type":"Article","@id":"https:\/\/www.kuler.cz\/pomocnik-pri-hubnuti\/","headline":"Pomocn\u00edk p\u0159i hubnut\u00ed","url":"https:\/\/www.kuler.cz\/pomocnik-pri-hubnuti\/","datePublished":"2023-09-11","dateModified":"2023-09-11","mainEntityOfPage":"https:\/\/www.kuler.cz\/pomocnik-pri-hubnuti\/","author":{"@type":"Person","@id":"https:\/\/www.kuler.cz\/author\/#Person","name":"","url":"https:\/\/www.kuler.cz\/author\/","identifier":1,"image":{"@type":"ImageObject","@id":"https:\/\/secure.gravatar.com\/avatar\/dac37d998cdbc92cc7ee5d23d4d689a369122af40c5450007470acab45b61d68?s=96&d=mm&r=g","url":"https:\/\/secure.gravatar.com\/avatar\/dac37d998cdbc92cc7ee5d23d4d689a369122af40c5450007470acab45b61d68?s=96&d=mm&r=g","height":96,"width":96}},"publisher":{"@type":"Organization","name":"kuler.cz","logo":{"@type":"ImageObject","@id":"\/logo.png","url":"\/logo.png","width":600,"height":60}},"image":null,"wordCount":282,"keywords":null},{"@type":"Article","@id":"https:\/\/www.kuler.cz\/reseni-do-vsech-domacnosti\/","headline":"\u0158e\u0161en\u00ed do v\u0161ech dom\u00e1cnost\u00ed","url":"https:\/\/www.kuler.cz\/reseni-do-vsech-domacnosti\/","datePublished":"2023-08-05","dateModified":"2023-08-05","mainEntityOfPage":"https:\/\/www.kuler.cz\/reseni-do-vsech-domacnosti\/","author":{"@type":"Person","@id":"https:\/\/www.kuler.cz\/author\/#Person","name":"","url":"https:\/\/www.kuler.cz\/author\/","identifier":1,"image":{"@type":"ImageObject","@id":"https:\/\/secure.gravatar.com\/avatar\/dac37d998cdbc92cc7ee5d23d4d689a369122af40c5450007470acab45b61d68?s=96&d=mm&r=g","url":"https:\/\/secure.gravatar.com\/avatar\/dac37d998cdbc92cc7ee5d23d4d689a369122af40c5450007470acab45b61d68?s=96&d=mm&r=g","height":96,"width":96}},"publisher":{"@type":"Organization","name":"kuler.cz","logo":{"@type":"ImageObject","@id":"\/logo.png","url":"\/logo.png","width":600,"height":60}},"image":null,"wordCount":283,"keywords":null},{"@type":"Article","@id":"https:\/\/www.kuler.cz\/pujcky-byvaji-nepostradatelne\/","headline":"P\u016fj\u010dky b\u00fdvaj\u00ed nepostradateln\u00e9","url":"https:\/\/www.kuler.cz\/pujcky-byvaji-nepostradatelne\/","datePublished":"2023-07-15","dateModified":"2024-05-14","mainEntityOfPage":"https:\/\/www.kuler.cz\/pujcky-byvaji-nepostradatelne\/","author":{"@type":"Person","@id":"https:\/\/www.kuler.cz\/author\/#Person","name":"","url":"https:\/\/www.kuler.cz\/author\/","identifier":1,"image":{"@type":"ImageObject","@id":"https:\/\/secure.gravatar.com\/avatar\/dac37d998cdbc92cc7ee5d23d4d689a369122af40c5450007470acab45b61d68?s=96&d=mm&r=g","url":"https:\/\/secure.gravatar.com\/avatar\/dac37d998cdbc92cc7ee5d23d4d689a369122af40c5450007470acab45b61d68?s=96&d=mm&r=g","height":96,"width":96}},"publisher":{"@type":"Organization","name":"kuler.cz","logo":{"@type":"ImageObject","@id":"\/logo.png","url":"\/logo.png","width":600,"height":60}},"image":{"@type":"ImageObject","@id":"https:\/\/www.kuler.cz\/wp-content\/uploads\/coins-1576146_1280_1.jpg","url":"https:\/\/www.kuler.cz\/wp-content\/uploads\/coins-1576146_1280_1.jpg","height":0,"width":0},"wordCount":664,"keywords":null},{"@type":"Article","@id":"https:\/\/www.kuler.cz\/jak-si-poradit-pri-ztrate-erekce\/","headline":"Jak si poradit p\u0159i ztr\u00e1t\u011b erekce","url":"https:\/\/www.kuler.cz\/jak-si-poradit-pri-ztrate-erekce\/","datePublished":"2023-07-08","dateModified":"2023-10-11","mainEntityOfPage":"https:\/\/www.kuler.cz\/jak-si-poradit-pri-ztrate-erekce\/","author":{"@type":"Person","@id":"https:\/\/www.kuler.cz\/author\/#Person","name":"","url":"https:\/\/www.kuler.cz\/author\/","identifier":1,"image":{"@type":"ImageObject","@id":"https:\/\/secure.gravatar.com\/avatar\/dac37d998cdbc92cc7ee5d23d4d689a369122af40c5450007470acab45b61d68?s=96&d=mm&r=g","url":"https:\/\/secure.gravatar.com\/avatar\/dac37d998cdbc92cc7ee5d23d4d689a369122af40c5450007470acab45b61d68?s=96&d=mm&r=g","height":96,"width":96}},"publisher":{"@type":"Organization","name":"kuler.cz","logo":{"@type":"ImageObject","@id":"\/logo.png","url":"\/logo.png","width":600,"height":60}},"image":{"@type":"ImageObject","@id":"https:\/\/www.kuler.cz\/wp-content\/uploads\/color-soft-dusty-2867284_640.jpg","url":"https:\/\/www.kuler.cz\/wp-content\/uploads\/color-soft-dusty-2867284_640.jpg","height":0,"width":0},"wordCount":562,"keywords":null},{"@type":"Article","@id":"https:\/\/www.kuler.cz\/je-noseni-podprsenky-nutne\/","headline":"Je no\u0161en\u00ed podprsenky nutn\u00e9?","url":"https:\/\/www.kuler.cz\/je-noseni-podprsenky-nutne\/","datePublished":"2023-07-04","dateModified":"2024-05-20","mainEntityOfPage":"https:\/\/www.kuler.cz\/je-noseni-podprsenky-nutne\/","author":{"@type":"Person","@id":"https:\/\/www.kuler.cz\/author\/#Person","name":"","url":"https:\/\/www.kuler.cz\/author\/","identifier":1,"image":{"@type":"ImageObject","@id":"https:\/\/secure.gravatar.com\/avatar\/dac37d998cdbc92cc7ee5d23d4d689a369122af40c5450007470acab45b61d68?s=96&d=mm&r=g","url":"https:\/\/secure.gravatar.com\/avatar\/dac37d998cdbc92cc7ee5d23d4d689a369122af40c5450007470acab45b61d68?s=96&d=mm&r=g","height":96,"width":96}},"publisher":{"@type":"Organization","name":"kuler.cz","logo":{"@type":"ImageObject","@id":"\/logo.png","url":"\/logo.png","width":600,"height":60}},"image":{"@type":"ImageObject","@id":"https:\/\/www.kuler.cz\/wp-content\/uploads\/water-2322835_640.jpg","url":"https:\/\/www.kuler.cz\/wp-content\/uploads\/water-2322835_640.jpg","height":0,"width":0},"wordCount":605,"keywords":null},{"@type":"Article","@id":"https:\/\/www.kuler.cz\/stehovani\/","headline":"St\u011bhov\u00e1n\u00ed","url":"https:\/\/www.kuler.cz\/stehovani\/","datePublished":"2023-06-30","dateModified":"2024-07-03","mainEntityOfPage":"https:\/\/www.kuler.cz\/stehovani\/","author":{"@type":"Person","@id":"https:\/\/www.kuler.cz\/author\/#Person","name":"","url":"https:\/\/www.kuler.cz\/author\/","identifier":1,"image":{"@type":"ImageObject","@id":"https:\/\/secure.gravatar.com\/avatar\/dac37d998cdbc92cc7ee5d23d4d689a369122af40c5450007470acab45b61d68?s=96&d=mm&r=g","url":"https:\/\/secure.gravatar.com\/avatar\/dac37d998cdbc92cc7ee5d23d4d689a369122af40c5450007470acab45b61d68?s=96&d=mm&r=g","height":96,"width":96}},"publisher":{"@type":"Organization","name":"kuler.cz","logo":{"@type":"ImageObject","@id":"\/logo.png","url":"\/logo.png","width":600,"height":60}},"image":null,"wordCount":239,"keywords":null},{"@type":"Article","@id":"https:\/\/www.kuler.cz\/9-udajne-spatnych-potravin-ktere-jsou-ve-skutecnosti-zdrave\/","headline":"9 \u00fadajn\u011b \u0161patn\u00fdch potravin, kter\u00e9 jsou ve skute\u010dnosti zdrav\u00e9","url":"https:\/\/www.kuler.cz\/9-udajne-spatnych-potravin-ktere-jsou-ve-skutecnosti-zdrave\/","datePublished":"2023-06-07","dateModified":"2023-06-07","mainEntityOfPage":"https:\/\/www.kuler.cz\/9-udajne-spatnych-potravin-ktere-jsou-ve-skutecnosti-zdrave\/","author":{"@type":"Person","@id":"https:\/\/www.kuler.cz\/author\/#Person","name":"","url":"https:\/\/www.kuler.cz\/author\/","identifier":1,"image":{"@type":"ImageObject","@id":"https:\/\/secure.gravatar.com\/avatar\/dac37d998cdbc92cc7ee5d23d4d689a369122af40c5450007470acab45b61d68?s=96&d=mm&r=g","url":"https:\/\/secure.gravatar.com\/avatar\/dac37d998cdbc92cc7ee5d23d4d689a369122af40c5450007470acab45b61d68?s=96&d=mm&r=g","height":96,"width":96}},"publisher":{"@type":"Organization","name":"kuler.cz","logo":{"@type":"ImageObject","@id":"\/logo.png","url":"\/logo.png","width":600,"height":60}},"image":{"@type":"ImageObject","@id":"https:\/\/www.kuler.cz\/wp-content\/uploads\/img_a338975_w2716_t1552153090.jpg","url":"https:\/\/www.kuler.cz\/wp-content\/uploads\/img_a338975_w2716_t1552153090.jpg","height":0,"width":0},"wordCount":624,"keywords":null},{"@type":"Article","@id":"https:\/\/www.kuler.cz\/vztah-neni-jen-o-hyckani-zeny\/","headline":"Vztah nen\u00ed jen o h\u00fd\u010dk\u00e1n\u00ed \u017eeny","url":"https:\/\/www.kuler.cz\/vztah-neni-jen-o-hyckani-zeny\/","datePublished":"2023-06-07","dateModified":"2023-06-07","mainEntityOfPage":"https:\/\/www.kuler.cz\/vztah-neni-jen-o-hyckani-zeny\/","author":{"@type":"Person","@id":"https:\/\/www.kuler.cz\/author\/#Person","name":"","url":"https:\/\/www.kuler.cz\/author\/","identifier":1,"image":{"@type":"ImageObject","@id":"https:\/\/secure.gravatar.com\/avatar\/dac37d998cdbc92cc7ee5d23d4d689a369122af40c5450007470acab45b61d68?s=96&d=mm&r=g","url":"https:\/\/secure.gravatar.com\/avatar\/dac37d998cdbc92cc7ee5d23d4d689a369122af40c5450007470acab45b61d68?s=96&d=mm&r=g","height":96,"width":96}},"publisher":{"@type":"Organization","name":"kuler.cz","logo":{"@type":"ImageObject","@id":"\/logo.png","url":"\/logo.png","width":600,"height":60}},"image":{"@type":"ImageObject","@id":"https:\/\/www.kuler.cz\/wp-content\/uploads\/img_a330001_w2740_t1542536828.jpg","url":"https:\/\/www.kuler.cz\/wp-content\/uploads\/img_a330001_w2740_t1542536828.jpg","height":0,"width":0},"wordCount":647,"keywords":null},{"@type":"Article","@id":"https:\/\/www.kuler.cz\/za-dalekymi-rozhledy-ceskeho-raje\/","headline":"Za dalek\u00fdmi rozhledy \u010cesk\u00e9ho r\u00e1je","url":"https:\/\/www.kuler.cz\/za-dalekymi-rozhledy-ceskeho-raje\/","datePublished":"2023-06-07","dateModified":"2023-06-07","mainEntityOfPage":"https:\/\/www.kuler.cz\/za-dalekymi-rozhledy-ceskeho-raje\/","author":{"@type":"Person","@id":"https:\/\/www.kuler.cz\/author\/#Person","name":"","url":"https:\/\/www.kuler.cz\/author\/","identifier":1,"image":{"@type":"ImageObject","@id":"https:\/\/secure.gravatar.com\/avatar\/dac37d998cdbc92cc7ee5d23d4d689a369122af40c5450007470acab45b61d68?s=96&d=mm&r=g","url":"https:\/\/secure.gravatar.com\/avatar\/dac37d998cdbc92cc7ee5d23d4d689a369122af40c5450007470acab45b61d68?s=96&d=mm&r=g","height":96,"width":96}},"publisher":{"@type":"Organization","name":"kuler.cz","logo":{"@type":"ImageObject","@id":"\/logo.png","url":"\/logo.png","width":600,"height":60}},"image":{"@type":"ImageObject","@id":"https:\/\/www.kuler.cz\/wp-content\/uploads\/img_a329243_w2665_t1541672992.jpg","url":"https:\/\/www.kuler.cz\/wp-content\/uploads\/img_a329243_w2665_t1541672992.jpg","height":0,"width":0},"wordCount":476,"keywords":null},{"@type":"Article","@id":"https:\/\/www.kuler.cz\/jak-nahradit-brcka\/","headline":"Jak nahradit br\u010dka","url":"https:\/\/www.kuler.cz\/jak-nahradit-brcka\/","datePublished":"2023-06-07","dateModified":"2023-06-07","mainEntityOfPage":"https:\/\/www.kuler.cz\/jak-nahradit-brcka\/","author":{"@type":"Person","@id":"https:\/\/www.kuler.cz\/author\/#Person","name":"","url":"https:\/\/www.kuler.cz\/author\/","identifier":1,"image":{"@type":"ImageObject","@id":"https:\/\/secure.gravatar.com\/avatar\/dac37d998cdbc92cc7ee5d23d4d689a369122af40c5450007470acab45b61d68?s=96&d=mm&r=g","url":"https:\/\/secure.gravatar.com\/avatar\/dac37d998cdbc92cc7ee5d23d4d689a369122af40c5450007470acab45b61d68?s=96&d=mm&r=g","height":96,"width":96}},"publisher":{"@type":"Organization","name":"kuler.cz","logo":{"@type":"ImageObject","@id":"\/logo.png","url":"\/logo.png","width":600,"height":60}},"image":{"@type":"ImageObject","@id":"https:\/\/www.kuler.cz\/wp-content\/uploads\/img_a328245_w2626_t1540630279.jpg","url":"https:\/\/www.kuler.cz\/wp-content\/uploads\/img_a328245_w2626_t1540630279.jpg","height":0,"width":0},"wordCount":537,"keywords":null}]},{"@context":"https:\/\/schema.org","@type":"WebSite","@id":"https:\/\/www.kuler.cz\/#website","name":"K\u016fler","url":"https:\/\/www.kuler.cz","potentialAction":{"@type":"SearchAction","target":"https:\/\/www.kuler.cz\/?s={search_term_string}","query-input":"required name=search_term_string"}}]