[{"@context":"https:\/\/schema.org\/","@type":"Blog","@id":"https:\/\/www.kuler.cz#Blog","headline":"K\u016fler","description":"\nLeckdy by se mohlo zd\u00e1t, \u017ee z\u00a0tohoto sv\u011bta kamsi miz\u00ed dobro. Ale v\u011b\u0159te, \u017ee nemiz\u00ed. Jenom se houfn\u011b p\u0159esouv\u00e1 na n\u00e1\u0161 web, kde ho kdykoliv najdete.","url":"https:\/\/www.kuler.cz","hasPart":[{"@type":"Article","@id":"https:\/\/www.kuler.cz\/budte-originalni\/","headline":"Bu\u010fte origin\u00e1ln\u00ed","url":"https:\/\/www.kuler.cz\/budte-originalni\/","datePublished":"2024-04-22","dateModified":"2024-04-22","mainEntityOfPage":"https:\/\/www.kuler.cz\/budte-originalni\/","author":{"@type":"Person","@id":"https:\/\/www.kuler.cz\/author\/#Person","name":"","url":"https:\/\/www.kuler.cz\/author\/","identifier":1,"image":{"@type":"ImageObject","@id":"https:\/\/secure.gravatar.com\/avatar\/dac37d998cdbc92cc7ee5d23d4d689a369122af40c5450007470acab45b61d68?s=96&d=mm&r=g","url":"https:\/\/secure.gravatar.com\/avatar\/dac37d998cdbc92cc7ee5d23d4d689a369122af40c5450007470acab45b61d68?s=96&d=mm&r=g","height":96,"width":96}},"publisher":{"@type":"Organization","name":"kuler.cz","logo":{"@type":"ImageObject","@id":"\/logo.png","url":"\/logo.png","width":600,"height":60}},"image":null,"wordCount":296,"keywords":null},{"@type":"Article","@id":"https:\/\/www.kuler.cz\/satit-deti-je-kriz\/","headline":"\u0160atit d\u011bti je k\u0159\u00ed\u017e","url":"https:\/\/www.kuler.cz\/satit-deti-je-kriz\/","datePublished":"2024-04-11","dateModified":"2024-04-11","mainEntityOfPage":"https:\/\/www.kuler.cz\/satit-deti-je-kriz\/","author":{"@type":"Person","@id":"https:\/\/www.kuler.cz\/author\/#Person","name":"","url":"https:\/\/www.kuler.cz\/author\/","identifier":1,"image":{"@type":"ImageObject","@id":"https:\/\/secure.gravatar.com\/avatar\/dac37d998cdbc92cc7ee5d23d4d689a369122af40c5450007470acab45b61d68?s=96&d=mm&r=g","url":"https:\/\/secure.gravatar.com\/avatar\/dac37d998cdbc92cc7ee5d23d4d689a369122af40c5450007470acab45b61d68?s=96&d=mm&r=g","height":96,"width":96}},"publisher":{"@type":"Organization","name":"kuler.cz","logo":{"@type":"ImageObject","@id":"\/logo.png","url":"\/logo.png","width":600,"height":60}},"image":null,"wordCount":286,"keywords":null},{"@type":"Article","@id":"https:\/\/www.kuler.cz\/vylepsete-svoje-zimni-vybaveni-novymi-a-kvalitnimi-lyzemi\/","headline":"Vylep\u0161ete svoje zimn\u00ed vybaven\u00ed nov\u00fdmi a kvalitn\u00edmi ly\u017eemi","url":"https:\/\/www.kuler.cz\/vylepsete-svoje-zimni-vybaveni-novymi-a-kvalitnimi-lyzemi\/","datePublished":"2024-04-03","dateModified":"2024-04-03","mainEntityOfPage":"https:\/\/www.kuler.cz\/vylepsete-svoje-zimni-vybaveni-novymi-a-kvalitnimi-lyzemi\/","author":{"@type":"Person","@id":"https:\/\/www.kuler.cz\/author\/#Person","name":"","url":"https:\/\/www.kuler.cz\/author\/","identifier":1,"image":{"@type":"ImageObject","@id":"https:\/\/secure.gravatar.com\/avatar\/dac37d998cdbc92cc7ee5d23d4d689a369122af40c5450007470acab45b61d68?s=96&d=mm&r=g","url":"https:\/\/secure.gravatar.com\/avatar\/dac37d998cdbc92cc7ee5d23d4d689a369122af40c5450007470acab45b61d68?s=96&d=mm&r=g","height":96,"width":96}},"publisher":{"@type":"Organization","name":"kuler.cz","logo":{"@type":"ImageObject","@id":"\/logo.png","url":"\/logo.png","width":600,"height":60}},"image":null,"wordCount":302,"keywords":null},{"@type":"Article","@id":"https:\/\/www.kuler.cz\/vyhnete-se-vysokym-cenam-obloukem\/","headline":"Vyhn\u011bte se vysok\u00fdm cen\u00e1m obloukem","url":"https:\/\/www.kuler.cz\/vyhnete-se-vysokym-cenam-obloukem\/","datePublished":"2024-03-30","dateModified":"2024-03-30","mainEntityOfPage":"https:\/\/www.kuler.cz\/vyhnete-se-vysokym-cenam-obloukem\/","author":{"@type":"Person","@id":"https:\/\/www.kuler.cz\/author\/#Person","name":"","url":"https:\/\/www.kuler.cz\/author\/","identifier":1,"image":{"@type":"ImageObject","@id":"https:\/\/secure.gravatar.com\/avatar\/dac37d998cdbc92cc7ee5d23d4d689a369122af40c5450007470acab45b61d68?s=96&d=mm&r=g","url":"https:\/\/secure.gravatar.com\/avatar\/dac37d998cdbc92cc7ee5d23d4d689a369122af40c5450007470acab45b61d68?s=96&d=mm&r=g","height":96,"width":96}},"publisher":{"@type":"Organization","name":"kuler.cz","logo":{"@type":"ImageObject","@id":"\/logo.png","url":"\/logo.png","width":600,"height":60}},"image":null,"wordCount":312,"keywords":null},{"@type":"Article","@id":"https:\/\/www.kuler.cz\/problem-s-erekci-je-jako-kazdy-jiny-problem\/","headline":"Probl\u00e9m s erekc\u00ed je jako ka\u017ed\u00fd jin\u00fd probl\u00e9m","url":"https:\/\/www.kuler.cz\/problem-s-erekci-je-jako-kazdy-jiny-problem\/","datePublished":"2024-02-15","dateModified":"2024-05-29","mainEntityOfPage":"https:\/\/www.kuler.cz\/problem-s-erekci-je-jako-kazdy-jiny-problem\/","author":{"@type":"Person","@id":"https:\/\/www.kuler.cz\/author\/#Person","name":"","url":"https:\/\/www.kuler.cz\/author\/","identifier":1,"image":{"@type":"ImageObject","@id":"https:\/\/secure.gravatar.com\/avatar\/dac37d998cdbc92cc7ee5d23d4d689a369122af40c5450007470acab45b61d68?s=96&d=mm&r=g","url":"https:\/\/secure.gravatar.com\/avatar\/dac37d998cdbc92cc7ee5d23d4d689a369122af40c5450007470acab45b61d68?s=96&d=mm&r=g","height":96,"width":96}},"publisher":{"@type":"Organization","name":"kuler.cz","logo":{"@type":"ImageObject","@id":"\/logo.png","url":"\/logo.png","width":600,"height":60}},"image":{"@type":"ImageObject","@id":"https:\/\/www.kuler.cz\/wp-content\/uploads\/a-couple-of-1694334_1280_7.jpg","url":"https:\/\/www.kuler.cz\/wp-content\/uploads\/a-couple-of-1694334_1280_7.jpg","height":0,"width":0},"wordCount":575,"keywords":null},{"@type":"Article","@id":"https:\/\/www.kuler.cz\/nove-bytove-jadro-nemusi-byt-jen-snem\/","headline":"Nov\u00e9 bytov\u00e9 j\u00e1dro nemus\u00ed b\u00fdt jen snem","url":"https:\/\/www.kuler.cz\/nove-bytove-jadro-nemusi-byt-jen-snem\/","datePublished":"2024-01-03","dateModified":"2024-01-03","mainEntityOfPage":"https:\/\/www.kuler.cz\/nove-bytove-jadro-nemusi-byt-jen-snem\/","author":{"@type":"Person","@id":"https:\/\/www.kuler.cz\/author\/#Person","name":"","url":"https:\/\/www.kuler.cz\/author\/","identifier":1,"image":{"@type":"ImageObject","@id":"https:\/\/secure.gravatar.com\/avatar\/dac37d998cdbc92cc7ee5d23d4d689a369122af40c5450007470acab45b61d68?s=96&d=mm&r=g","url":"https:\/\/secure.gravatar.com\/avatar\/dac37d998cdbc92cc7ee5d23d4d689a369122af40c5450007470acab45b61d68?s=96&d=mm&r=g","height":96,"width":96}},"publisher":{"@type":"Organization","name":"kuler.cz","logo":{"@type":"ImageObject","@id":"\/logo.png","url":"\/logo.png","width":600,"height":60}},"image":null,"wordCount":277,"keywords":null},{"@type":"Article","@id":"https:\/\/www.kuler.cz\/uklidy\/","headline":"\u00daklidy.","url":"https:\/\/www.kuler.cz\/uklidy\/","datePublished":"2023-12-17","dateModified":"2024-01-18","mainEntityOfPage":"https:\/\/www.kuler.cz\/uklidy\/","author":{"@type":"Person","@id":"https:\/\/www.kuler.cz\/author\/#Person","name":"","url":"https:\/\/www.kuler.cz\/author\/","identifier":1,"image":{"@type":"ImageObject","@id":"https:\/\/secure.gravatar.com\/avatar\/dac37d998cdbc92cc7ee5d23d4d689a369122af40c5450007470acab45b61d68?s=96&d=mm&r=g","url":"https:\/\/secure.gravatar.com\/avatar\/dac37d998cdbc92cc7ee5d23d4d689a369122af40c5450007470acab45b61d68?s=96&d=mm&r=g","height":96,"width":96}},"publisher":{"@type":"Organization","name":"kuler.cz","logo":{"@type":"ImageObject","@id":"\/logo.png","url":"\/logo.png","width":600,"height":60}},"image":{"@type":"ImageObject","@id":"https:\/\/www.kuler.cz\/wp-content\/uploads\/pexels-karolina-grabowska-4239037.jpg","url":"https:\/\/www.kuler.cz\/wp-content\/uploads\/pexels-karolina-grabowska-4239037.jpg","height":0,"width":0},"wordCount":559,"keywords":null},{"@type":"Article","@id":"https:\/\/www.kuler.cz\/utvorte-ze-sve-zavislosti-minulost\/","headline":"Utvo\u0159te ze sv\u00e9 z\u00e1vislosti minulost","url":"https:\/\/www.kuler.cz\/utvorte-ze-sve-zavislosti-minulost\/","datePublished":"2023-11-27","dateModified":"2023-11-27","mainEntityOfPage":"https:\/\/www.kuler.cz\/utvorte-ze-sve-zavislosti-minulost\/","author":{"@type":"Person","@id":"https:\/\/www.kuler.cz\/author\/#Person","name":"","url":"https:\/\/www.kuler.cz\/author\/","identifier":1,"image":{"@type":"ImageObject","@id":"https:\/\/secure.gravatar.com\/avatar\/dac37d998cdbc92cc7ee5d23d4d689a369122af40c5450007470acab45b61d68?s=96&d=mm&r=g","url":"https:\/\/secure.gravatar.com\/avatar\/dac37d998cdbc92cc7ee5d23d4d689a369122af40c5450007470acab45b61d68?s=96&d=mm&r=g","height":96,"width":96}},"publisher":{"@type":"Organization","name":"kuler.cz","logo":{"@type":"ImageObject","@id":"\/logo.png","url":"\/logo.png","width":600,"height":60}},"image":null,"wordCount":284,"keywords":null},{"@type":"Article","@id":"https:\/\/www.kuler.cz\/obdelnikovy-bazen-se-zaoblenymi-rohy-pro-vasi-rozkos\/","headline":"Obd\u00e9ln\u00edkov\u00fd baz\u00e9n se zaoblen\u00fdmi rohy pro va\u0161i rozko\u0161","url":"https:\/\/www.kuler.cz\/obdelnikovy-bazen-se-zaoblenymi-rohy-pro-vasi-rozkos\/","datePublished":"2023-11-13","dateModified":"2023-12-20","mainEntityOfPage":"https:\/\/www.kuler.cz\/obdelnikovy-bazen-se-zaoblenymi-rohy-pro-vasi-rozkos\/","author":{"@type":"Person","@id":"https:\/\/www.kuler.cz\/author\/#Person","name":"","url":"https:\/\/www.kuler.cz\/author\/","identifier":1,"image":{"@type":"ImageObject","@id":"https:\/\/secure.gravatar.com\/avatar\/dac37d998cdbc92cc7ee5d23d4d689a369122af40c5450007470acab45b61d68?s=96&d=mm&r=g","url":"https:\/\/secure.gravatar.com\/avatar\/dac37d998cdbc92cc7ee5d23d4d689a369122af40c5450007470acab45b61d68?s=96&d=mm&r=g","height":96,"width":96}},"publisher":{"@type":"Organization","name":"kuler.cz","logo":{"@type":"ImageObject","@id":"\/logo.png","url":"\/logo.png","width":600,"height":60}},"image":{"@type":"ImageObject","@id":"https:\/\/www.kuler.cz\/wp-content\/uploads\/spring-break-3266458_640.jpg","url":"https:\/\/www.kuler.cz\/wp-content\/uploads\/spring-break-3266458_640.jpg","height":0,"width":0},"wordCount":561,"keywords":null},{"@type":"Article","@id":"https:\/\/www.kuler.cz\/probouzejte-se-nabiti-energii\/","headline":"Probouzejte se nabit\u00ed energi\u00ed","url":"https:\/\/www.kuler.cz\/probouzejte-se-nabiti-energii\/","datePublished":"2023-10-21","dateModified":"2023-10-21","mainEntityOfPage":"https:\/\/www.kuler.cz\/probouzejte-se-nabiti-energii\/","author":{"@type":"Person","@id":"https:\/\/www.kuler.cz\/author\/#Person","name":"","url":"https:\/\/www.kuler.cz\/author\/","identifier":1,"image":{"@type":"ImageObject","@id":"https:\/\/secure.gravatar.com\/avatar\/dac37d998cdbc92cc7ee5d23d4d689a369122af40c5450007470acab45b61d68?s=96&d=mm&r=g","url":"https:\/\/secure.gravatar.com\/avatar\/dac37d998cdbc92cc7ee5d23d4d689a369122af40c5450007470acab45b61d68?s=96&d=mm&r=g","height":96,"width":96}},"publisher":{"@type":"Organization","name":"kuler.cz","logo":{"@type":"ImageObject","@id":"\/logo.png","url":"\/logo.png","width":600,"height":60}},"image":null,"wordCount":268,"keywords":null}]},{"@context":"https:\/\/schema.org","@type":"WebSite","@id":"https:\/\/www.kuler.cz\/#website","name":"K\u016fler","url":"https:\/\/www.kuler.cz","potentialAction":{"@type":"SearchAction","target":"https:\/\/www.kuler.cz\/?s={search_term_string}","query-input":"required name=search_term_string"}}]