[{"@context":"https:\/\/schema.org\/","@type":"Blog","@id":"https:\/\/www.kuler.cz#Blog","headline":"K\u016fler","description":"\nLeckdy by se mohlo zd\u00e1t, \u017ee z\u00a0tohoto sv\u011bta kamsi miz\u00ed dobro. Ale v\u011b\u0159te, \u017ee nemiz\u00ed. Jenom se houfn\u011b p\u0159esouv\u00e1 na n\u00e1\u0161 web, kde ho kdykoliv najdete.","url":"https:\/\/www.kuler.cz","hasPart":[{"@type":"Article","@id":"https:\/\/www.kuler.cz\/zpracovani-3d-navrhu-kuchyne-zdarma\/","headline":"Zpracov\u00e1n\u00ed 3D n\u00e1vrhu kuchyn\u011b \u2013 zdarma","url":"https:\/\/www.kuler.cz\/zpracovani-3d-navrhu-kuchyne-zdarma\/","datePublished":"2017-04-25","dateModified":"2023-06-07","mainEntityOfPage":"https:\/\/www.kuler.cz\/zpracovani-3d-navrhu-kuchyne-zdarma\/","author":{"@type":"Person","@id":"https:\/\/www.kuler.cz\/author\/#Person","name":"","url":"https:\/\/www.kuler.cz\/author\/","identifier":1,"image":{"@type":"ImageObject","@id":"https:\/\/secure.gravatar.com\/avatar\/dac37d998cdbc92cc7ee5d23d4d689a369122af40c5450007470acab45b61d68?s=96&d=mm&r=g","url":"https:\/\/secure.gravatar.com\/avatar\/dac37d998cdbc92cc7ee5d23d4d689a369122af40c5450007470acab45b61d68?s=96&d=mm&r=g","height":96,"width":96}},"publisher":{"@type":"Organization","name":"kuler.cz","logo":{"@type":"ImageObject","@id":"\/logo.png","url":"\/logo.png","width":600,"height":60}},"image":{"@type":"ImageObject","@id":"https:\/\/www.kuler.cz\/wp-content\/uploads\/img_a287011_w2026_t1497371605.png","url":"https:\/\/www.kuler.cz\/wp-content\/uploads\/img_a287011_w2026_t1497371605.png","height":0,"width":0},"wordCount":557,"keywords":null},{"@type":"Article","@id":"https:\/\/www.kuler.cz\/vsechno-ma-svoje-reseni\/","headline":"V\u0161echno m\u00e1 svoje \u0159e\u0161en\u00ed","url":"https:\/\/www.kuler.cz\/vsechno-ma-svoje-reseni\/","datePublished":"2017-04-18","dateModified":"2023-08-17","mainEntityOfPage":"https:\/\/www.kuler.cz\/vsechno-ma-svoje-reseni\/","author":{"@type":"Person","@id":"https:\/\/www.kuler.cz\/author\/#Person","name":"","url":"https:\/\/www.kuler.cz\/author\/","identifier":1,"image":{"@type":"ImageObject","@id":"https:\/\/secure.gravatar.com\/avatar\/dac37d998cdbc92cc7ee5d23d4d689a369122af40c5450007470acab45b61d68?s=96&d=mm&r=g","url":"https:\/\/secure.gravatar.com\/avatar\/dac37d998cdbc92cc7ee5d23d4d689a369122af40c5450007470acab45b61d68?s=96&d=mm&r=g","height":96,"width":96}},"publisher":{"@type":"Organization","name":"kuler.cz","logo":{"@type":"ImageObject","@id":"\/logo.png","url":"\/logo.png","width":600,"height":60}},"image":{"@type":"ImageObject","@id":"https:\/\/www.kuler.cz\/wp-content\/uploads\/img_a287414_w2098_t1498061140.png","url":"https:\/\/www.kuler.cz\/wp-content\/uploads\/img_a287414_w2098_t1498061140.png","height":0,"width":0},"wordCount":450,"keywords":null},{"@type":"Article","@id":"https:\/\/www.kuler.cz\/uzijte-si-vikend-se-vsim-vsudy\/","headline":"U\u017eijte si v\u00edkend se v\u0161\u00edm v\u0161udy","url":"https:\/\/www.kuler.cz\/uzijte-si-vikend-se-vsim-vsudy\/","datePublished":"2017-03-23","dateModified":"2023-06-07","mainEntityOfPage":"https:\/\/www.kuler.cz\/uzijte-si-vikend-se-vsim-vsudy\/","author":{"@type":"Person","@id":"https:\/\/www.kuler.cz\/author\/#Person","name":"","url":"https:\/\/www.kuler.cz\/author\/","identifier":1,"image":{"@type":"ImageObject","@id":"https:\/\/secure.gravatar.com\/avatar\/dac37d998cdbc92cc7ee5d23d4d689a369122af40c5450007470acab45b61d68?s=96&d=mm&r=g","url":"https:\/\/secure.gravatar.com\/avatar\/dac37d998cdbc92cc7ee5d23d4d689a369122af40c5450007470acab45b61d68?s=96&d=mm&r=g","height":96,"width":96}},"publisher":{"@type":"Organization","name":"kuler.cz","logo":{"@type":"ImageObject","@id":"\/logo.png","url":"\/logo.png","width":600,"height":60}},"image":null,"wordCount":477,"keywords":null},{"@type":"Article","@id":"https:\/\/www.kuler.cz\/udelejte-radost-skrze-bajecny-vylet\/","headline":"Ud\u011blejte radost skrze b\u00e1je\u010dn\u00fd v\u00fdlet","url":"https:\/\/www.kuler.cz\/udelejte-radost-skrze-bajecny-vylet\/","datePublished":"2017-03-16","dateModified":"2023-06-07","mainEntityOfPage":"https:\/\/www.kuler.cz\/udelejte-radost-skrze-bajecny-vylet\/","author":{"@type":"Person","@id":"https:\/\/www.kuler.cz\/author\/#Person","name":"","url":"https:\/\/www.kuler.cz\/author\/","identifier":1,"image":{"@type":"ImageObject","@id":"https:\/\/secure.gravatar.com\/avatar\/dac37d998cdbc92cc7ee5d23d4d689a369122af40c5450007470acab45b61d68?s=96&d=mm&r=g","url":"https:\/\/secure.gravatar.com\/avatar\/dac37d998cdbc92cc7ee5d23d4d689a369122af40c5450007470acab45b61d68?s=96&d=mm&r=g","height":96,"width":96}},"publisher":{"@type":"Organization","name":"kuler.cz","logo":{"@type":"ImageObject","@id":"\/logo.png","url":"\/logo.png","width":600,"height":60}},"image":null,"wordCount":476,"keywords":null},{"@type":"Article","@id":"https:\/\/www.kuler.cz\/diky-nasim-skvelym-a-velmi-vyhodnym-pobytum-si-zarucene-odpocinete-a-uvolnite-se\/","headline":"D\u00edky na\u0161im skv\u011bl\u00fdm a velmi v\u00fdhodn\u00fdm pobyt\u016fm si zaru\u010den\u011b odpo\u010dinete a uvoln\u00edte se","url":"https:\/\/www.kuler.cz\/diky-nasim-skvelym-a-velmi-vyhodnym-pobytum-si-zarucene-odpocinete-a-uvolnite-se\/","datePublished":"2017-01-09","dateModified":"2023-06-07","mainEntityOfPage":"https:\/\/www.kuler.cz\/diky-nasim-skvelym-a-velmi-vyhodnym-pobytum-si-zarucene-odpocinete-a-uvolnite-se\/","author":{"@type":"Person","@id":"https:\/\/www.kuler.cz\/author\/#Person","name":"","url":"https:\/\/www.kuler.cz\/author\/","identifier":1,"image":{"@type":"ImageObject","@id":"https:\/\/secure.gravatar.com\/avatar\/dac37d998cdbc92cc7ee5d23d4d689a369122af40c5450007470acab45b61d68?s=96&d=mm&r=g","url":"https:\/\/secure.gravatar.com\/avatar\/dac37d998cdbc92cc7ee5d23d4d689a369122af40c5450007470acab45b61d68?s=96&d=mm&r=g","height":96,"width":96}},"publisher":{"@type":"Organization","name":"kuler.cz","logo":{"@type":"ImageObject","@id":"\/logo.png","url":"\/logo.png","width":600,"height":60}},"image":null,"wordCount":424,"keywords":null},{"@type":"Article","@id":"https:\/\/www.kuler.cz\/spolehliva-forma-reklamy\/","headline":"Spolehliv\u00e1 forma reklamy","url":"https:\/\/www.kuler.cz\/spolehliva-forma-reklamy\/","datePublished":"2016-10-20","dateModified":"2023-06-07","mainEntityOfPage":"https:\/\/www.kuler.cz\/spolehliva-forma-reklamy\/","author":{"@type":"Person","@id":"https:\/\/www.kuler.cz\/author\/#Person","name":"","url":"https:\/\/www.kuler.cz\/author\/","identifier":1,"image":{"@type":"ImageObject","@id":"https:\/\/secure.gravatar.com\/avatar\/dac37d998cdbc92cc7ee5d23d4d689a369122af40c5450007470acab45b61d68?s=96&d=mm&r=g","url":"https:\/\/secure.gravatar.com\/avatar\/dac37d998cdbc92cc7ee5d23d4d689a369122af40c5450007470acab45b61d68?s=96&d=mm&r=g","height":96,"width":96}},"publisher":{"@type":"Organization","name":"kuler.cz","logo":{"@type":"ImageObject","@id":"\/logo.png","url":"\/logo.png","width":600,"height":60}},"image":null,"wordCount":378,"keywords":null}]},{"@context":"https:\/\/schema.org","@type":"WebSite","@id":"https:\/\/www.kuler.cz\/#website","name":"K\u016fler","url":"https:\/\/www.kuler.cz","potentialAction":{"@type":"SearchAction","target":"https:\/\/www.kuler.cz\/?s={search_term_string}","query-input":"required name=search_term_string"}}]