[{"@context":"https:\/\/schema.org\/","@type":"Blog","@id":"https:\/\/www.kuler.cz#Blog","headline":"K\u016fler","description":"\nLeckdy by se mohlo zd\u00e1t, \u017ee z\u00a0tohoto sv\u011bta kamsi miz\u00ed dobro. Ale v\u011b\u0159te, \u017ee nemiz\u00ed. Jenom se houfn\u011b p\u0159esouv\u00e1 na n\u00e1\u0161 web, kde ho kdykoliv najdete.","url":"https:\/\/www.kuler.cz","hasPart":[{"@type":"Article","@id":"https:\/\/www.kuler.cz\/proc-nas-bavi-vydelavani-penez\/","headline":"Pro\u010d n\u00e1s bav\u00ed vyd\u011bl\u00e1v\u00e1n\u00ed pen\u011bz","url":"https:\/\/www.kuler.cz\/proc-nas-bavi-vydelavani-penez\/","datePublished":"2018-04-27","dateModified":"2023-06-07","mainEntityOfPage":"https:\/\/www.kuler.cz\/proc-nas-bavi-vydelavani-penez\/","author":{"@type":"Person","@id":"https:\/\/www.kuler.cz\/author\/#Person","name":"","url":"https:\/\/www.kuler.cz\/author\/","identifier":1,"image":{"@type":"ImageObject","@id":"https:\/\/secure.gravatar.com\/avatar\/dac37d998cdbc92cc7ee5d23d4d689a369122af40c5450007470acab45b61d68?s=96&d=mm&r=g","url":"https:\/\/secure.gravatar.com\/avatar\/dac37d998cdbc92cc7ee5d23d4d689a369122af40c5450007470acab45b61d68?s=96&d=mm&r=g","height":96,"width":96}},"publisher":{"@type":"Organization","name":"kuler.cz","logo":{"@type":"ImageObject","@id":"\/logo.png","url":"\/logo.png","width":600,"height":60}},"image":{"@type":"ImageObject","@id":"https:\/\/www.kuler.cz\/wp-content\/uploads\/img_a319187_w2393_t1530082652.jpg","url":"https:\/\/www.kuler.cz\/wp-content\/uploads\/img_a319187_w2393_t1530082652.jpg","height":0,"width":0},"wordCount":4518,"keywords":null},{"@type":"Article","@id":"https:\/\/www.kuler.cz\/pecujete-spravne-o-svuj-notebook\/","headline":"Pe\u010dujete spr\u00e1vn\u011b o sv\u016fj notebook?","url":"https:\/\/www.kuler.cz\/pecujete-spravne-o-svuj-notebook\/","datePublished":"2018-01-19","dateModified":"2023-06-07","mainEntityOfPage":"https:\/\/www.kuler.cz\/pecujete-spravne-o-svuj-notebook\/","author":{"@type":"Person","@id":"https:\/\/www.kuler.cz\/author\/#Person","name":"","url":"https:\/\/www.kuler.cz\/author\/","identifier":1,"image":{"@type":"ImageObject","@id":"https:\/\/secure.gravatar.com\/avatar\/dac37d998cdbc92cc7ee5d23d4d689a369122af40c5450007470acab45b61d68?s=96&d=mm&r=g","url":"https:\/\/secure.gravatar.com\/avatar\/dac37d998cdbc92cc7ee5d23d4d689a369122af40c5450007470acab45b61d68?s=96&d=mm&r=g","height":96,"width":96}},"publisher":{"@type":"Organization","name":"kuler.cz","logo":{"@type":"ImageObject","@id":"\/logo.png","url":"\/logo.png","width":600,"height":60}},"image":{"@type":"ImageObject","@id":"https:\/\/www.kuler.cz\/wp-content\/uploads\/img_a310489_w1757_t1521448163.jpg","url":"https:\/\/www.kuler.cz\/wp-content\/uploads\/img_a310489_w1757_t1521448163.jpg","height":0,"width":0},"wordCount":506,"keywords":null},{"@type":"Article","@id":"https:\/\/www.kuler.cz\/necekejte-na-zazraky-hubnuti-je-racionalni-veda\/","headline":"Ne\u010dekejte na z\u00e1zraky, hubnut\u00ed je racion\u00e1ln\u00ed v\u011bda","url":"https:\/\/www.kuler.cz\/necekejte-na-zazraky-hubnuti-je-racionalni-veda\/","datePublished":"2017-12-06","dateModified":"2023-06-07","mainEntityOfPage":"https:\/\/www.kuler.cz\/necekejte-na-zazraky-hubnuti-je-racionalni-veda\/","author":{"@type":"Person","@id":"https:\/\/www.kuler.cz\/author\/#Person","name":"","url":"https:\/\/www.kuler.cz\/author\/","identifier":1,"image":{"@type":"ImageObject","@id":"https:\/\/secure.gravatar.com\/avatar\/dac37d998cdbc92cc7ee5d23d4d689a369122af40c5450007470acab45b61d68?s=96&d=mm&r=g","url":"https:\/\/secure.gravatar.com\/avatar\/dac37d998cdbc92cc7ee5d23d4d689a369122af40c5450007470acab45b61d68?s=96&d=mm&r=g","height":96,"width":96}},"publisher":{"@type":"Organization","name":"kuler.cz","logo":{"@type":"ImageObject","@id":"\/logo.png","url":"\/logo.png","width":600,"height":60}},"image":{"@type":"ImageObject","@id":"https:\/\/www.kuler.cz\/wp-content\/uploads\/img_a306172_w1693_t1517387325.jpg","url":"https:\/\/www.kuler.cz\/wp-content\/uploads\/img_a306172_w1693_t1517387325.jpg","height":0,"width":0},"wordCount":580,"keywords":null},{"@type":"Article","@id":"https:\/\/www.kuler.cz\/k-udrzeni-dobre-kvality-vody-v-bazenove-nadrzi-potrebujeme-nekolik-pomocniku\/","headline":"K udr\u017een\u00ed dobr\u00e9 kvality vody v baz\u00e9nov\u00e9 n\u00e1dr\u017ei pot\u0159ebujeme n\u011bkolik pomocn\u00edk\u016f","url":"https:\/\/www.kuler.cz\/k-udrzeni-dobre-kvality-vody-v-bazenove-nadrzi-potrebujeme-nekolik-pomocniku\/","datePublished":"2017-08-25","dateModified":"2023-06-07","mainEntityOfPage":"https:\/\/www.kuler.cz\/k-udrzeni-dobre-kvality-vody-v-bazenove-nadrzi-potrebujeme-nekolik-pomocniku\/","author":{"@type":"Person","@id":"https:\/\/www.kuler.cz\/author\/#Person","name":"","url":"https:\/\/www.kuler.cz\/author\/","identifier":1,"image":{"@type":"ImageObject","@id":"https:\/\/secure.gravatar.com\/avatar\/dac37d998cdbc92cc7ee5d23d4d689a369122af40c5450007470acab45b61d68?s=96&d=mm&r=g","url":"https:\/\/secure.gravatar.com\/avatar\/dac37d998cdbc92cc7ee5d23d4d689a369122af40c5450007470acab45b61d68?s=96&d=mm&r=g","height":96,"width":96}},"publisher":{"@type":"Organization","name":"kuler.cz","logo":{"@type":"ImageObject","@id":"\/logo.png","url":"\/logo.png","width":600,"height":60}},"image":{"@type":"ImageObject","@id":"https:\/\/www.kuler.cz\/wp-content\/uploads\/img_a296564_w1970_t1507556989.jpg","url":"https:\/\/www.kuler.cz\/wp-content\/uploads\/img_a296564_w1970_t1507556989.jpg","height":0,"width":0},"wordCount":399,"keywords":null},{"@type":"Article","@id":"https:\/\/www.kuler.cz\/spravna-analyza-zaklad-uspechu\/","headline":"Spr\u00e1vn\u00e1 anal\u00fdza, z\u00e1klad \u00fasp\u011bchu","url":"https:\/\/www.kuler.cz\/spravna-analyza-zaklad-uspechu\/","datePublished":"2017-07-16","dateModified":"2023-06-07","mainEntityOfPage":"https:\/\/www.kuler.cz\/spravna-analyza-zaklad-uspechu\/","author":{"@type":"Person","@id":"https:\/\/www.kuler.cz\/author\/#Person","name":"","url":"https:\/\/www.kuler.cz\/author\/","identifier":1,"image":{"@type":"ImageObject","@id":"https:\/\/secure.gravatar.com\/avatar\/dac37d998cdbc92cc7ee5d23d4d689a369122af40c5450007470acab45b61d68?s=96&d=mm&r=g","url":"https:\/\/secure.gravatar.com\/avatar\/dac37d998cdbc92cc7ee5d23d4d689a369122af40c5450007470acab45b61d68?s=96&d=mm&r=g","height":96,"width":96}},"publisher":{"@type":"Organization","name":"kuler.cz","logo":{"@type":"ImageObject","@id":"\/logo.png","url":"\/logo.png","width":600,"height":60}},"image":{"@type":"ImageObject","@id":"https:\/\/www.kuler.cz\/wp-content\/uploads\/img_a299471_w1966_t1509447394.png","url":"https:\/\/www.kuler.cz\/wp-content\/uploads\/img_a299471_w1966_t1509447394.png","height":0,"width":0},"wordCount":520,"keywords":null},{"@type":"Article","@id":"https:\/\/www.kuler.cz\/moznost-vlastniho-bydleni\/","headline":"Mo\u017enost vlastn\u00edho bydlen\u00ed","url":"https:\/\/www.kuler.cz\/moznost-vlastniho-bydleni\/","datePublished":"2017-06-03","dateModified":"2023-06-07","mainEntityOfPage":"https:\/\/www.kuler.cz\/moznost-vlastniho-bydleni\/","author":{"@type":"Person","@id":"https:\/\/www.kuler.cz\/author\/#Person","name":"","url":"https:\/\/www.kuler.cz\/author\/","identifier":1,"image":{"@type":"ImageObject","@id":"https:\/\/secure.gravatar.com\/avatar\/dac37d998cdbc92cc7ee5d23d4d689a369122af40c5450007470acab45b61d68?s=96&d=mm&r=g","url":"https:\/\/secure.gravatar.com\/avatar\/dac37d998cdbc92cc7ee5d23d4d689a369122af40c5450007470acab45b61d68?s=96&d=mm&r=g","height":96,"width":96}},"publisher":{"@type":"Organization","name":"kuler.cz","logo":{"@type":"ImageObject","@id":"\/logo.png","url":"\/logo.png","width":600,"height":60}},"image":{"@type":"ImageObject","@id":"https:\/\/www.kuler.cz\/wp-content\/uploads\/img_a290305_w2088_t1502787867.jpg","url":"https:\/\/www.kuler.cz\/wp-content\/uploads\/img_a290305_w2088_t1502787867.jpg","height":0,"width":0},"wordCount":524,"keywords":null},{"@type":"Article","@id":"https:\/\/www.kuler.cz\/kongresove-hotely-na-vysocine\/","headline":"Kongresov\u00e9 hotely na Vyso\u010din\u011b","url":"https:\/\/www.kuler.cz\/kongresove-hotely-na-vysocine\/","datePublished":"2017-05-16","dateModified":"2023-06-07","mainEntityOfPage":"https:\/\/www.kuler.cz\/kongresove-hotely-na-vysocine\/","author":{"@type":"Person","@id":"https:\/\/www.kuler.cz\/author\/#Person","name":"","url":"https:\/\/www.kuler.cz\/author\/","identifier":1,"image":{"@type":"ImageObject","@id":"https:\/\/secure.gravatar.com\/avatar\/dac37d998cdbc92cc7ee5d23d4d689a369122af40c5450007470acab45b61d68?s=96&d=mm&r=g","url":"https:\/\/secure.gravatar.com\/avatar\/dac37d998cdbc92cc7ee5d23d4d689a369122af40c5450007470acab45b61d68?s=96&d=mm&r=g","height":96,"width":96}},"publisher":{"@type":"Organization","name":"kuler.cz","logo":{"@type":"ImageObject","@id":"\/logo.png","url":"\/logo.png","width":600,"height":60}},"image":null,"wordCount":458,"keywords":null},{"@type":"Article","@id":"https:\/\/www.kuler.cz\/elektronicky-podpis-si-muzete-jednoduse-zaridit-i-vy\/","headline":"Elektronick\u00fd podpis si m\u016f\u017eete jednodu\u0161e za\u0159\u00eddit i vy","url":"https:\/\/www.kuler.cz\/elektronicky-podpis-si-muzete-jednoduse-zaridit-i-vy\/","datePublished":"2017-05-15","dateModified":"2023-06-07","mainEntityOfPage":"https:\/\/www.kuler.cz\/elektronicky-podpis-si-muzete-jednoduse-zaridit-i-vy\/","author":{"@type":"Person","@id":"https:\/\/www.kuler.cz\/author\/#Person","name":"","url":"https:\/\/www.kuler.cz\/author\/","identifier":1,"image":{"@type":"ImageObject","@id":"https:\/\/secure.gravatar.com\/avatar\/dac37d998cdbc92cc7ee5d23d4d689a369122af40c5450007470acab45b61d68?s=96&d=mm&r=g","url":"https:\/\/secure.gravatar.com\/avatar\/dac37d998cdbc92cc7ee5d23d4d689a369122af40c5450007470acab45b61d68?s=96&d=mm&r=g","height":96,"width":96}},"publisher":{"@type":"Organization","name":"kuler.cz","logo":{"@type":"ImageObject","@id":"\/logo.png","url":"\/logo.png","width":600,"height":60}},"image":null,"wordCount":442,"keywords":null},{"@type":"Article","@id":"https:\/\/www.kuler.cz\/kojenecke-obleceni-ktere-spokojene-nakoupite-diky-priznive-cene\/","headline":"Kojeneck\u00e9 oble\u010den\u00ed, kter\u00e9 spokojen\u011b nakoup\u00edte, d\u00edky p\u0159\u00edzniv\u00e9 cen\u011b!","url":"https:\/\/www.kuler.cz\/kojenecke-obleceni-ktere-spokojene-nakoupite-diky-priznive-cene\/","datePublished":"2017-05-14","dateModified":"2023-06-07","mainEntityOfPage":"https:\/\/www.kuler.cz\/kojenecke-obleceni-ktere-spokojene-nakoupite-diky-priznive-cene\/","author":{"@type":"Person","@id":"https:\/\/www.kuler.cz\/author\/#Person","name":"","url":"https:\/\/www.kuler.cz\/author\/","identifier":1,"image":{"@type":"ImageObject","@id":"https:\/\/secure.gravatar.com\/avatar\/dac37d998cdbc92cc7ee5d23d4d689a369122af40c5450007470acab45b61d68?s=96&d=mm&r=g","url":"https:\/\/secure.gravatar.com\/avatar\/dac37d998cdbc92cc7ee5d23d4d689a369122af40c5450007470acab45b61d68?s=96&d=mm&r=g","height":96,"width":96}},"publisher":{"@type":"Organization","name":"kuler.cz","logo":{"@type":"ImageObject","@id":"\/logo.png","url":"\/logo.png","width":600,"height":60}},"image":null,"wordCount":468,"keywords":null},{"@type":"Article","@id":"https:\/\/www.kuler.cz\/the-most-beautiful-girl\/","headline":"The most beautiful girl","url":"https:\/\/www.kuler.cz\/the-most-beautiful-girl\/","datePublished":"2017-05-13","dateModified":"2023-06-07","mainEntityOfPage":"https:\/\/www.kuler.cz\/the-most-beautiful-girl\/","author":{"@type":"Person","@id":"https:\/\/www.kuler.cz\/author\/#Person","name":"","url":"https:\/\/www.kuler.cz\/author\/","identifier":1,"image":{"@type":"ImageObject","@id":"https:\/\/secure.gravatar.com\/avatar\/dac37d998cdbc92cc7ee5d23d4d689a369122af40c5450007470acab45b61d68?s=96&d=mm&r=g","url":"https:\/\/secure.gravatar.com\/avatar\/dac37d998cdbc92cc7ee5d23d4d689a369122af40c5450007470acab45b61d68?s=96&d=mm&r=g","height":96,"width":96}},"publisher":{"@type":"Organization","name":"kuler.cz","logo":{"@type":"ImageObject","@id":"\/logo.png","url":"\/logo.png","width":600,"height":60}},"image":null,"wordCount":333,"keywords":null}]},{"@context":"https:\/\/schema.org","@type":"WebSite","@id":"https:\/\/www.kuler.cz\/#website","name":"K\u016fler","url":"https:\/\/www.kuler.cz","potentialAction":{"@type":"SearchAction","target":"https:\/\/www.kuler.cz\/?s={search_term_string}","query-input":"required name=search_term_string"}}]