[{"@context":"https:\/\/schema.org\/","@type":"Blog","@id":"https:\/\/www.kuler.cz#Blog","headline":"K\u016fler","description":"\nLeckdy by se mohlo zd\u00e1t, \u017ee z\u00a0tohoto sv\u011bta kamsi miz\u00ed dobro. Ale v\u011b\u0159te, \u017ee nemiz\u00ed. Jenom se houfn\u011b p\u0159esouv\u00e1 na n\u00e1\u0161 web, kde ho kdykoliv najdete.","url":"https:\/\/www.kuler.cz","hasPart":[{"@type":"Article","@id":"https:\/\/www.kuler.cz\/stranka-jeste-neni-vse\/","headline":"Str\u00e1nka je\u0161t\u011b nen\u00ed v\u0161e","url":"https:\/\/www.kuler.cz\/stranka-jeste-neni-vse\/","datePublished":"2019-06-09","dateModified":"2023-06-07","mainEntityOfPage":"https:\/\/www.kuler.cz\/stranka-jeste-neni-vse\/","author":{"@type":"Person","@id":"https:\/\/www.kuler.cz\/author\/#Person","name":"","url":"https:\/\/www.kuler.cz\/author\/","identifier":1,"image":{"@type":"ImageObject","@id":"https:\/\/secure.gravatar.com\/avatar\/dac37d998cdbc92cc7ee5d23d4d689a369122af40c5450007470acab45b61d68?s=96&d=mm&r=g","url":"https:\/\/secure.gravatar.com\/avatar\/dac37d998cdbc92cc7ee5d23d4d689a369122af40c5450007470acab45b61d68?s=96&d=mm&r=g","height":96,"width":96}},"publisher":{"@type":"Organization","name":"kuler.cz","logo":{"@type":"ImageObject","@id":"\/logo.png","url":"\/logo.png","width":600,"height":60}},"image":{"@type":"ImageObject","@id":"https:\/\/www.kuler.cz\/wp-content\/uploads\/img_a360341_w3744_t1574099775.jpg","url":"https:\/\/www.kuler.cz\/wp-content\/uploads\/img_a360341_w3744_t1574099775.jpg","height":0,"width":0},"wordCount":586,"keywords":null},{"@type":"Article","@id":"https:\/\/www.kuler.cz\/molykote\/","headline":"Molykote","url":"https:\/\/www.kuler.cz\/molykote\/","datePublished":"2019-06-01","dateModified":"2023-06-07","mainEntityOfPage":"https:\/\/www.kuler.cz\/molykote\/","author":{"@type":"Person","@id":"https:\/\/www.kuler.cz\/author\/#Person","name":"","url":"https:\/\/www.kuler.cz\/author\/","identifier":1,"image":{"@type":"ImageObject","@id":"https:\/\/secure.gravatar.com\/avatar\/dac37d998cdbc92cc7ee5d23d4d689a369122af40c5450007470acab45b61d68?s=96&d=mm&r=g","url":"https:\/\/secure.gravatar.com\/avatar\/dac37d998cdbc92cc7ee5d23d4d689a369122af40c5450007470acab45b61d68?s=96&d=mm&r=g","height":96,"width":96}},"publisher":{"@type":"Organization","name":"kuler.cz","logo":{"@type":"ImageObject","@id":"\/logo.png","url":"\/logo.png","width":600,"height":60}},"image":{"@type":"ImageObject","@id":"https:\/\/www.kuler.cz\/wp-content\/uploads\/img_a350682_w1703_t1565593763.jpg","url":"https:\/\/www.kuler.cz\/wp-content\/uploads\/img_a350682_w1703_t1565593763.jpg","height":0,"width":0},"wordCount":478,"keywords":null},{"@type":"Article","@id":"https:\/\/www.kuler.cz\/karoq-v-cechach\/","headline":"Karoq v \u010cech\u00e1ch","url":"https:\/\/www.kuler.cz\/karoq-v-cechach\/","datePublished":"2019-05-04","dateModified":"2023-06-07","mainEntityOfPage":"https:\/\/www.kuler.cz\/karoq-v-cechach\/","author":{"@type":"Person","@id":"https:\/\/www.kuler.cz\/author\/#Person","name":"","url":"https:\/\/www.kuler.cz\/author\/","identifier":1,"image":{"@type":"ImageObject","@id":"https:\/\/secure.gravatar.com\/avatar\/dac37d998cdbc92cc7ee5d23d4d689a369122af40c5450007470acab45b61d68?s=96&d=mm&r=g","url":"https:\/\/secure.gravatar.com\/avatar\/dac37d998cdbc92cc7ee5d23d4d689a369122af40c5450007470acab45b61d68?s=96&d=mm&r=g","height":96,"width":96}},"publisher":{"@type":"Organization","name":"kuler.cz","logo":{"@type":"ImageObject","@id":"\/logo.png","url":"\/logo.png","width":600,"height":60}},"image":{"@type":"ImageObject","@id":"https:\/\/www.kuler.cz\/wp-content\/uploads\/img_a345013_w2691_t1558796007.jpg","url":"https:\/\/www.kuler.cz\/wp-content\/uploads\/img_a345013_w2691_t1558796007.jpg","height":0,"width":0},"wordCount":407,"keywords":null},{"@type":"Article","@id":"https:\/\/www.kuler.cz\/atrakce-na-vrcholu-trampoliny\/","headline":"Atrakce na vrcholu \u2013 trampol\u00edny","url":"https:\/\/www.kuler.cz\/atrakce-na-vrcholu-trampoliny\/","datePublished":"2019-04-21","dateModified":"2023-06-07","mainEntityOfPage":"https:\/\/www.kuler.cz\/atrakce-na-vrcholu-trampoliny\/","author":{"@type":"Person","@id":"https:\/\/www.kuler.cz\/author\/#Person","name":"","url":"https:\/\/www.kuler.cz\/author\/","identifier":1,"image":{"@type":"ImageObject","@id":"https:\/\/secure.gravatar.com\/avatar\/dac37d998cdbc92cc7ee5d23d4d689a369122af40c5450007470acab45b61d68?s=96&d=mm&r=g","url":"https:\/\/secure.gravatar.com\/avatar\/dac37d998cdbc92cc7ee5d23d4d689a369122af40c5450007470acab45b61d68?s=96&d=mm&r=g","height":96,"width":96}},"publisher":{"@type":"Organization","name":"kuler.cz","logo":{"@type":"ImageObject","@id":"\/logo.png","url":"\/logo.png","width":600,"height":60}},"image":{"@type":"ImageObject","@id":"https:\/\/www.kuler.cz\/wp-content\/uploads\/img_a344580_w1704_t1558434325.jpg","url":"https:\/\/www.kuler.cz\/wp-content\/uploads\/img_a344580_w1704_t1558434325.jpg","height":0,"width":0},"wordCount":540,"keywords":null},{"@type":"Article","@id":"https:\/\/www.kuler.cz\/strasak-jmenem-nizka-bonita\/","headline":"Stra\u0161\u00e1k jm\u00e9nem n\u00edzk\u00e1 bonita","url":"https:\/\/www.kuler.cz\/strasak-jmenem-nizka-bonita\/","datePublished":"2019-04-13","dateModified":"2023-06-07","mainEntityOfPage":"https:\/\/www.kuler.cz\/strasak-jmenem-nizka-bonita\/","author":{"@type":"Person","@id":"https:\/\/www.kuler.cz\/author\/#Person","name":"","url":"https:\/\/www.kuler.cz\/author\/","identifier":1,"image":{"@type":"ImageObject","@id":"https:\/\/secure.gravatar.com\/avatar\/dac37d998cdbc92cc7ee5d23d4d689a369122af40c5450007470acab45b61d68?s=96&d=mm&r=g","url":"https:\/\/secure.gravatar.com\/avatar\/dac37d998cdbc92cc7ee5d23d4d689a369122af40c5450007470acab45b61d68?s=96&d=mm&r=g","height":96,"width":96}},"publisher":{"@type":"Organization","name":"kuler.cz","logo":{"@type":"ImageObject","@id":"\/logo.png","url":"\/logo.png","width":600,"height":60}},"image":{"@type":"ImageObject","@id":"https:\/\/www.kuler.cz\/wp-content\/uploads\/img_a346478_w1733_t1560849792.jpg","url":"https:\/\/www.kuler.cz\/wp-content\/uploads\/img_a346478_w1733_t1560849792.jpg","height":0,"width":0},"wordCount":511,"keywords":null},{"@type":"Article","@id":"https:\/\/www.kuler.cz\/potrebujete-osvezit-svou-unavenou-mysl\/","headline":"Pot\u0159ebujete osv\u011b\u017eit svou unavenou mysl?","url":"https:\/\/www.kuler.cz\/potrebujete-osvezit-svou-unavenou-mysl\/","datePublished":"2018-12-05","dateModified":"2023-06-07","mainEntityOfPage":"https:\/\/www.kuler.cz\/potrebujete-osvezit-svou-unavenou-mysl\/","author":{"@type":"Person","@id":"https:\/\/www.kuler.cz\/author\/#Person","name":"","url":"https:\/\/www.kuler.cz\/author\/","identifier":1,"image":{"@type":"ImageObject","@id":"https:\/\/secure.gravatar.com\/avatar\/dac37d998cdbc92cc7ee5d23d4d689a369122af40c5450007470acab45b61d68?s=96&d=mm&r=g","url":"https:\/\/secure.gravatar.com\/avatar\/dac37d998cdbc92cc7ee5d23d4d689a369122af40c5450007470acab45b61d68?s=96&d=mm&r=g","height":96,"width":96}},"publisher":{"@type":"Organization","name":"kuler.cz","logo":{"@type":"ImageObject","@id":"\/logo.png","url":"\/logo.png","width":600,"height":60}},"image":{"@type":"ImageObject","@id":"https:\/\/www.kuler.cz\/wp-content\/uploads\/img_a334096_w1747_t1547643174.jpg","url":"https:\/\/www.kuler.cz\/wp-content\/uploads\/img_a334096_w1747_t1547643174.jpg","height":0,"width":0},"wordCount":570,"keywords":null},{"@type":"Article","@id":"https:\/\/www.kuler.cz\/vyzkousejte-hru-ktera-vas-nikdy-neomrzi\/","headline":"Vyzkou\u0161ejte hru, kter\u00e1 v\u00e1s nikdy neomrz\u00ed","url":"https:\/\/www.kuler.cz\/vyzkousejte-hru-ktera-vas-nikdy-neomrzi\/","datePublished":"2018-10-20","dateModified":"2023-11-07","mainEntityOfPage":"https:\/\/www.kuler.cz\/vyzkousejte-hru-ktera-vas-nikdy-neomrzi\/","author":{"@type":"Person","@id":"https:\/\/www.kuler.cz\/author\/#Person","name":"","url":"https:\/\/www.kuler.cz\/author\/","identifier":1,"image":{"@type":"ImageObject","@id":"https:\/\/secure.gravatar.com\/avatar\/dac37d998cdbc92cc7ee5d23d4d689a369122af40c5450007470acab45b61d68?s=96&d=mm&r=g","url":"https:\/\/secure.gravatar.com\/avatar\/dac37d998cdbc92cc7ee5d23d4d689a369122af40c5450007470acab45b61d68?s=96&d=mm&r=g","height":96,"width":96}},"publisher":{"@type":"Organization","name":"kuler.cz","logo":{"@type":"ImageObject","@id":"\/logo.png","url":"\/logo.png","width":600,"height":60}},"image":{"@type":"ImageObject","@id":"https:\/\/www.kuler.cz\/wp-content\/uploads\/img_a327905_w1698_t1540370476.jpg","url":"https:\/\/www.kuler.cz\/wp-content\/uploads\/img_a327905_w1698_t1540370476.jpg","height":0,"width":0},"wordCount":544,"keywords":null},{"@type":"Article","@id":"https:\/\/www.kuler.cz\/americka-hypoteka-ktera-vam-prijde-vhod\/","headline":"Americk\u00e1 hypot\u00e9ka, kter\u00e1 v\u00e1m p\u0159ijde vhod","url":"https:\/\/www.kuler.cz\/americka-hypoteka-ktera-vam-prijde-vhod\/","datePublished":"2018-10-11","dateModified":"2023-06-07","mainEntityOfPage":"https:\/\/www.kuler.cz\/americka-hypoteka-ktera-vam-prijde-vhod\/","author":{"@type":"Person","@id":"https:\/\/www.kuler.cz\/author\/#Person","name":"","url":"https:\/\/www.kuler.cz\/author\/","identifier":1,"image":{"@type":"ImageObject","@id":"https:\/\/secure.gravatar.com\/avatar\/dac37d998cdbc92cc7ee5d23d4d689a369122af40c5450007470acab45b61d68?s=96&d=mm&r=g","url":"https:\/\/secure.gravatar.com\/avatar\/dac37d998cdbc92cc7ee5d23d4d689a369122af40c5450007470acab45b61d68?s=96&d=mm&r=g","height":96,"width":96}},"publisher":{"@type":"Organization","name":"kuler.cz","logo":{"@type":"ImageObject","@id":"\/logo.png","url":"\/logo.png","width":600,"height":60}},"image":{"@type":"ImageObject","@id":"https:\/\/www.kuler.cz\/wp-content\/uploads\/img_a332002_w2498_t1544522949.jpg","url":"https:\/\/www.kuler.cz\/wp-content\/uploads\/img_a332002_w2498_t1544522949.jpg","height":0,"width":0},"wordCount":466,"keywords":null},{"@type":"Article","@id":"https:\/\/www.kuler.cz\/den-plny-her\/","headline":"Den pln\u00fd her","url":"https:\/\/www.kuler.cz\/den-plny-her\/","datePublished":"2018-10-10","dateModified":"2023-06-07","mainEntityOfPage":"https:\/\/www.kuler.cz\/den-plny-her\/","author":{"@type":"Person","@id":"https:\/\/www.kuler.cz\/author\/#Person","name":"","url":"https:\/\/www.kuler.cz\/author\/","identifier":1,"image":{"@type":"ImageObject","@id":"https:\/\/secure.gravatar.com\/avatar\/dac37d998cdbc92cc7ee5d23d4d689a369122af40c5450007470acab45b61d68?s=96&d=mm&r=g","url":"https:\/\/secure.gravatar.com\/avatar\/dac37d998cdbc92cc7ee5d23d4d689a369122af40c5450007470acab45b61d68?s=96&d=mm&r=g","height":96,"width":96}},"publisher":{"@type":"Organization","name":"kuler.cz","logo":{"@type":"ImageObject","@id":"\/logo.png","url":"\/logo.png","width":600,"height":60}},"image":{"@type":"ImageObject","@id":"https:\/\/www.kuler.cz\/wp-content\/uploads\/img_a331969_w1748_t1544474416.jpg","url":"https:\/\/www.kuler.cz\/wp-content\/uploads\/img_a331969_w1748_t1544474416.jpg","height":0,"width":0},"wordCount":473,"keywords":null},{"@type":"Article","@id":"https:\/\/www.kuler.cz\/i-s-pouzitou-pistoli-zazijete-spousty-skvelych-chvil\/","headline":"I s pou\u017eitou pistol\u00ed za\u017eijete spousty skv\u011bl\u00fdch chvil","url":"https:\/\/www.kuler.cz\/i-s-pouzitou-pistoli-zazijete-spousty-skvelych-chvil\/","datePublished":"2018-10-05","dateModified":"2023-06-07","mainEntityOfPage":"https:\/\/www.kuler.cz\/i-s-pouzitou-pistoli-zazijete-spousty-skvelych-chvil\/","author":{"@type":"Person","@id":"https:\/\/www.kuler.cz\/author\/#Person","name":"","url":"https:\/\/www.kuler.cz\/author\/","identifier":1,"image":{"@type":"ImageObject","@id":"https:\/\/secure.gravatar.com\/avatar\/dac37d998cdbc92cc7ee5d23d4d689a369122af40c5450007470acab45b61d68?s=96&d=mm&r=g","url":"https:\/\/secure.gravatar.com\/avatar\/dac37d998cdbc92cc7ee5d23d4d689a369122af40c5450007470acab45b61d68?s=96&d=mm&r=g","height":96,"width":96}},"publisher":{"@type":"Organization","name":"kuler.cz","logo":{"@type":"ImageObject","@id":"\/logo.png","url":"\/logo.png","width":600,"height":60}},"image":{"@type":"ImageObject","@id":"https:\/\/www.kuler.cz\/wp-content\/uploads\/img_a328729_w1733_t1540895848.jpg","url":"https:\/\/www.kuler.cz\/wp-content\/uploads\/img_a328729_w1733_t1540895848.jpg","height":0,"width":0},"wordCount":474,"keywords":null}]},{"@context":"https:\/\/schema.org","@type":"WebSite","@id":"https:\/\/www.kuler.cz\/#website","name":"K\u016fler","url":"https:\/\/www.kuler.cz","potentialAction":{"@type":"SearchAction","target":"https:\/\/www.kuler.cz\/?s={search_term_string}","query-input":"required name=search_term_string"}}]