[{"@context":"https:\/\/schema.org\/","@type":"Blog","@id":"https:\/\/www.kuler.cz#Blog","headline":"K\u016fler","description":"\nLeckdy by se mohlo zd\u00e1t, \u017ee z\u00a0tohoto sv\u011bta kamsi miz\u00ed dobro. Ale v\u011b\u0159te, \u017ee nemiz\u00ed. Jenom se houfn\u011b p\u0159esouv\u00e1 na n\u00e1\u0161 web, kde ho kdykoliv najdete.","url":"https:\/\/www.kuler.cz","hasPart":[{"@type":"Article","@id":"https:\/\/www.kuler.cz\/vysavani-vaseho-bazenu\/","headline":"Vys\u00e1v\u00e1n\u00ed va\u0161eho baz\u00e9nu","url":"https:\/\/www.kuler.cz\/vysavani-vaseho-bazenu\/","datePublished":"2019-09-15","dateModified":"2023-06-07","mainEntityOfPage":"https:\/\/www.kuler.cz\/vysavani-vaseho-bazenu\/","author":{"@type":"Person","@id":"https:\/\/www.kuler.cz\/author\/#Person","name":"","url":"https:\/\/www.kuler.cz\/author\/","identifier":1,"image":{"@type":"ImageObject","@id":"https:\/\/secure.gravatar.com\/avatar\/dac37d998cdbc92cc7ee5d23d4d689a369122af40c5450007470acab45b61d68?s=96&d=mm&r=g","url":"https:\/\/secure.gravatar.com\/avatar\/dac37d998cdbc92cc7ee5d23d4d689a369122af40c5450007470acab45b61d68?s=96&d=mm&r=g","height":96,"width":96}},"publisher":{"@type":"Organization","name":"kuler.cz","logo":{"@type":"ImageObject","@id":"\/logo.png","url":"\/logo.png","width":600,"height":60}},"image":{"@type":"ImageObject","@id":"https:\/\/www.kuler.cz\/wp-content\/uploads\/img_a346699_w1719_t1561023798.jpg","url":"https:\/\/www.kuler.cz\/wp-content\/uploads\/img_a346699_w1719_t1561023798.jpg","height":0,"width":0},"wordCount":542,"keywords":null},{"@type":"Article","@id":"https:\/\/www.kuler.cz\/neni-nad-sacek-s-klopou\/","headline":"Nen\u00ed nad s\u00e1\u010dek s klopou","url":"https:\/\/www.kuler.cz\/neni-nad-sacek-s-klopou\/","datePublished":"2019-09-13","dateModified":"2023-06-07","mainEntityOfPage":"https:\/\/www.kuler.cz\/neni-nad-sacek-s-klopou\/","author":{"@type":"Person","@id":"https:\/\/www.kuler.cz\/author\/#Person","name":"","url":"https:\/\/www.kuler.cz\/author\/","identifier":1,"image":{"@type":"ImageObject","@id":"https:\/\/secure.gravatar.com\/avatar\/dac37d998cdbc92cc7ee5d23d4d689a369122af40c5450007470acab45b61d68?s=96&d=mm&r=g","url":"https:\/\/secure.gravatar.com\/avatar\/dac37d998cdbc92cc7ee5d23d4d689a369122af40c5450007470acab45b61d68?s=96&d=mm&r=g","height":96,"width":96}},"publisher":{"@type":"Organization","name":"kuler.cz","logo":{"@type":"ImageObject","@id":"\/logo.png","url":"\/logo.png","width":600,"height":60}},"image":{"@type":"ImageObject","@id":"https:\/\/www.kuler.cz\/wp-content\/uploads\/img_a341953_w1741_t1554884859.jpg","url":"https:\/\/www.kuler.cz\/wp-content\/uploads\/img_a341953_w1741_t1554884859.jpg","height":0,"width":0},"wordCount":575,"keywords":null},{"@type":"Article","@id":"https:\/\/www.kuler.cz\/kde-podnikateli-pujci\/","headline":"Kde podnikateli p\u016fj\u010d\u00ed?","url":"https:\/\/www.kuler.cz\/kde-podnikateli-pujci\/","datePublished":"2019-09-10","dateModified":"2023-06-07","mainEntityOfPage":"https:\/\/www.kuler.cz\/kde-podnikateli-pujci\/","author":{"@type":"Person","@id":"https:\/\/www.kuler.cz\/author\/#Person","name":"","url":"https:\/\/www.kuler.cz\/author\/","identifier":1,"image":{"@type":"ImageObject","@id":"https:\/\/secure.gravatar.com\/avatar\/dac37d998cdbc92cc7ee5d23d4d689a369122af40c5450007470acab45b61d68?s=96&d=mm&r=g","url":"https:\/\/secure.gravatar.com\/avatar\/dac37d998cdbc92cc7ee5d23d4d689a369122af40c5450007470acab45b61d68?s=96&d=mm&r=g","height":96,"width":96}},"publisher":{"@type":"Organization","name":"kuler.cz","logo":{"@type":"ImageObject","@id":"\/logo.png","url":"\/logo.png","width":600,"height":60}},"image":{"@type":"ImageObject","@id":"https:\/\/www.kuler.cz\/wp-content\/uploads\/img_a365807_w2181_t1578479860.jpg","url":"https:\/\/www.kuler.cz\/wp-content\/uploads\/img_a365807_w2181_t1578479860.jpg","height":0,"width":0},"wordCount":553,"keywords":null},{"@type":"Article","@id":"https:\/\/www.kuler.cz\/emocni-inteligence-v-podnikani\/","headline":"Emo\u010dn\u00ed inteligence v podnik\u00e1n\u00ed","url":"https:\/\/www.kuler.cz\/emocni-inteligence-v-podnikani\/","datePublished":"2019-09-05","dateModified":"2023-06-07","mainEntityOfPage":"https:\/\/www.kuler.cz\/emocni-inteligence-v-podnikani\/","author":{"@type":"Person","@id":"https:\/\/www.kuler.cz\/author\/#Person","name":"","url":"https:\/\/www.kuler.cz\/author\/","identifier":1,"image":{"@type":"ImageObject","@id":"https:\/\/secure.gravatar.com\/avatar\/dac37d998cdbc92cc7ee5d23d4d689a369122af40c5450007470acab45b61d68?s=96&d=mm&r=g","url":"https:\/\/secure.gravatar.com\/avatar\/dac37d998cdbc92cc7ee5d23d4d689a369122af40c5450007470acab45b61d68?s=96&d=mm&r=g","height":96,"width":96}},"publisher":{"@type":"Organization","name":"kuler.cz","logo":{"@type":"ImageObject","@id":"\/logo.png","url":"\/logo.png","width":600,"height":60}},"image":{"@type":"ImageObject","@id":"https:\/\/www.kuler.cz\/wp-content\/uploads\/img_a355552_w3744_t1569753973.jpg","url":"https:\/\/www.kuler.cz\/wp-content\/uploads\/img_a355552_w3744_t1569753973.jpg","height":0,"width":0},"wordCount":4542,"keywords":null},{"@type":"Article","@id":"https:\/\/www.kuler.cz\/minimalisticky-domov\/","headline":"Minimalistick\u00fd domov","url":"https:\/\/www.kuler.cz\/minimalisticky-domov\/","datePublished":"2019-09-02","dateModified":"2023-06-07","mainEntityOfPage":"https:\/\/www.kuler.cz\/minimalisticky-domov\/","author":{"@type":"Person","@id":"https:\/\/www.kuler.cz\/author\/#Person","name":"","url":"https:\/\/www.kuler.cz\/author\/","identifier":1,"image":{"@type":"ImageObject","@id":"https:\/\/secure.gravatar.com\/avatar\/dac37d998cdbc92cc7ee5d23d4d689a369122af40c5450007470acab45b61d68?s=96&d=mm&r=g","url":"https:\/\/secure.gravatar.com\/avatar\/dac37d998cdbc92cc7ee5d23d4d689a369122af40c5450007470acab45b61d68?s=96&d=mm&r=g","height":96,"width":96}},"publisher":{"@type":"Organization","name":"kuler.cz","logo":{"@type":"ImageObject","@id":"\/logo.png","url":"\/logo.png","width":600,"height":60}},"image":{"@type":"ImageObject","@id":"https:\/\/www.kuler.cz\/wp-content\/uploads\/img_a355411_w3744_t1569694230.jpg","url":"https:\/\/www.kuler.cz\/wp-content\/uploads\/img_a355411_w3744_t1569694230.jpg","height":0,"width":0},"wordCount":4809,"keywords":null},{"@type":"Article","@id":"https:\/\/www.kuler.cz\/jak-si-vybirat-pudr\/","headline":"Jak si vyb\u00edrat pudr","url":"https:\/\/www.kuler.cz\/jak-si-vybirat-pudr\/","datePublished":"2019-08-21","dateModified":"2023-06-07","mainEntityOfPage":"https:\/\/www.kuler.cz\/jak-si-vybirat-pudr\/","author":{"@type":"Person","@id":"https:\/\/www.kuler.cz\/author\/#Person","name":"","url":"https:\/\/www.kuler.cz\/author\/","identifier":1,"image":{"@type":"ImageObject","@id":"https:\/\/secure.gravatar.com\/avatar\/dac37d998cdbc92cc7ee5d23d4d689a369122af40c5450007470acab45b61d68?s=96&d=mm&r=g","url":"https:\/\/secure.gravatar.com\/avatar\/dac37d998cdbc92cc7ee5d23d4d689a369122af40c5450007470acab45b61d68?s=96&d=mm&r=g","height":96,"width":96}},"publisher":{"@type":"Organization","name":"kuler.cz","logo":{"@type":"ImageObject","@id":"\/logo.png","url":"\/logo.png","width":600,"height":60}},"image":{"@type":"ImageObject","@id":"https:\/\/www.kuler.cz\/wp-content\/uploads\/img_a352189_w3744_t1566760690.jpg","url":"https:\/\/www.kuler.cz\/wp-content\/uploads\/img_a352189_w3744_t1566760690.jpg","height":0,"width":0},"wordCount":4500,"keywords":null},{"@type":"Article","@id":"https:\/\/www.kuler.cz\/rodiny-s-malym-ditetem-si-od-noveho-roku-financne-polepsi-jake-podminky-musite-splnit\/","headline":"Rodiny s mal\u00fdm d\u00edt\u011btem si od nov\u00e9ho roku finan\u010dn\u011b polep\u0161\u00ed. Jak\u00e9 podm\u00ednky mus\u00edte splnit?","url":"https:\/\/www.kuler.cz\/rodiny-s-malym-ditetem-si-od-noveho-roku-financne-polepsi-jake-podminky-musite-splnit\/","datePublished":"2019-08-06","dateModified":"2023-06-07","mainEntityOfPage":"https:\/\/www.kuler.cz\/rodiny-s-malym-ditetem-si-od-noveho-roku-financne-polepsi-jake-podminky-musite-splnit\/","author":{"@type":"Person","@id":"https:\/\/www.kuler.cz\/author\/#Person","name":"","url":"https:\/\/www.kuler.cz\/author\/","identifier":1,"image":{"@type":"ImageObject","@id":"https:\/\/secure.gravatar.com\/avatar\/dac37d998cdbc92cc7ee5d23d4d689a369122af40c5450007470acab45b61d68?s=96&d=mm&r=g","url":"https:\/\/secure.gravatar.com\/avatar\/dac37d998cdbc92cc7ee5d23d4d689a369122af40c5450007470acab45b61d68?s=96&d=mm&r=g","height":96,"width":96}},"publisher":{"@type":"Organization","name":"kuler.cz","logo":{"@type":"ImageObject","@id":"\/logo.png","url":"\/logo.png","width":600,"height":60}},"image":{"@type":"ImageObject","@id":"https:\/\/www.kuler.cz\/wp-content\/uploads\/img_a351686_w2432_t1566140850.jpg","url":"https:\/\/www.kuler.cz\/wp-content\/uploads\/img_a351686_w2432_t1566140850.jpg","height":0,"width":0},"wordCount":698,"keywords":null},{"@type":"Article","@id":"https:\/\/www.kuler.cz\/jak-se-zbavit-doternych-vos\/","headline":"Jak se zbavit dot\u011brn\u00fdch vos","url":"https:\/\/www.kuler.cz\/jak-se-zbavit-doternych-vos\/","datePublished":"2019-06-20","dateModified":"2023-06-07","mainEntityOfPage":"https:\/\/www.kuler.cz\/jak-se-zbavit-doternych-vos\/","author":{"@type":"Person","@id":"https:\/\/www.kuler.cz\/author\/#Person","name":"","url":"https:\/\/www.kuler.cz\/author\/","identifier":1,"image":{"@type":"ImageObject","@id":"https:\/\/secure.gravatar.com\/avatar\/dac37d998cdbc92cc7ee5d23d4d689a369122af40c5450007470acab45b61d68?s=96&d=mm&r=g","url":"https:\/\/secure.gravatar.com\/avatar\/dac37d998cdbc92cc7ee5d23d4d689a369122af40c5450007470acab45b61d68?s=96&d=mm&r=g","height":96,"width":96}},"publisher":{"@type":"Organization","name":"kuler.cz","logo":{"@type":"ImageObject","@id":"\/logo.png","url":"\/logo.png","width":600,"height":60}},"image":{"@type":"ImageObject","@id":"https:\/\/www.kuler.cz\/wp-content\/uploads\/img_a346102_w2915_t1560068126.jpg","url":"https:\/\/www.kuler.cz\/wp-content\/uploads\/img_a346102_w2915_t1560068126.jpg","height":0,"width":0},"wordCount":4480,"keywords":null},{"@type":"Article","@id":"https:\/\/www.kuler.cz\/na-svetlech-nesetrete-nemuselo-by-se-to-vyplatit\/","headline":"Na sv\u011btlech ne\u0161et\u0159ete, nemuselo by se to vyplatit","url":"https:\/\/www.kuler.cz\/na-svetlech-nesetrete-nemuselo-by-se-to-vyplatit\/","datePublished":"2019-06-12","dateModified":"2023-06-07","mainEntityOfPage":"https:\/\/www.kuler.cz\/na-svetlech-nesetrete-nemuselo-by-se-to-vyplatit\/","author":{"@type":"Person","@id":"https:\/\/www.kuler.cz\/author\/#Person","name":"","url":"https:\/\/www.kuler.cz\/author\/","identifier":1,"image":{"@type":"ImageObject","@id":"https:\/\/secure.gravatar.com\/avatar\/dac37d998cdbc92cc7ee5d23d4d689a369122af40c5450007470acab45b61d68?s=96&d=mm&r=g","url":"https:\/\/secure.gravatar.com\/avatar\/dac37d998cdbc92cc7ee5d23d4d689a369122af40c5450007470acab45b61d68?s=96&d=mm&r=g","height":96,"width":96}},"publisher":{"@type":"Organization","name":"kuler.cz","logo":{"@type":"ImageObject","@id":"\/logo.png","url":"\/logo.png","width":600,"height":60}},"image":{"@type":"ImageObject","@id":"https:\/\/www.kuler.cz\/wp-content\/uploads\/img_a349126_w1884_t1563979987.jpg","url":"https:\/\/www.kuler.cz\/wp-content\/uploads\/img_a349126_w1884_t1563979987.jpg","height":0,"width":0},"wordCount":592,"keywords":null},{"@type":"Article","@id":"https:\/\/www.kuler.cz\/podmanivy-vylet\/","headline":"Podmaniv\u00fd v\u00fdlet","url":"https:\/\/www.kuler.cz\/podmanivy-vylet\/","datePublished":"2019-06-09","dateModified":"2023-06-07","mainEntityOfPage":"https:\/\/www.kuler.cz\/podmanivy-vylet\/","author":{"@type":"Person","@id":"https:\/\/www.kuler.cz\/author\/#Person","name":"","url":"https:\/\/www.kuler.cz\/author\/","identifier":1,"image":{"@type":"ImageObject","@id":"https:\/\/secure.gravatar.com\/avatar\/dac37d998cdbc92cc7ee5d23d4d689a369122af40c5450007470acab45b61d68?s=96&d=mm&r=g","url":"https:\/\/secure.gravatar.com\/avatar\/dac37d998cdbc92cc7ee5d23d4d689a369122af40c5450007470acab45b61d68?s=96&d=mm&r=g","height":96,"width":96}},"publisher":{"@type":"Organization","name":"kuler.cz","logo":{"@type":"ImageObject","@id":"\/logo.png","url":"\/logo.png","width":600,"height":60}},"image":{"@type":"ImageObject","@id":"https:\/\/www.kuler.cz\/wp-content\/uploads\/img_a345981_w1983_t1560004702.jpg","url":"https:\/\/www.kuler.cz\/wp-content\/uploads\/img_a345981_w1983_t1560004702.jpg","height":0,"width":0},"wordCount":4425,"keywords":null}]},{"@context":"https:\/\/schema.org","@type":"WebSite","@id":"https:\/\/www.kuler.cz\/#website","name":"K\u016fler","url":"https:\/\/www.kuler.cz","potentialAction":{"@type":"SearchAction","target":"https:\/\/www.kuler.cz\/?s={search_term_string}","query-input":"required name=search_term_string"}}]