[{"@context":"https:\/\/schema.org\/","@type":"Blog","@id":"https:\/\/www.kuler.cz#Blog","headline":"K\u016fler","description":"\nLeckdy by se mohlo zd\u00e1t, \u017ee z\u00a0tohoto sv\u011bta kamsi miz\u00ed dobro. Ale v\u011b\u0159te, \u017ee nemiz\u00ed. Jenom se houfn\u011b p\u0159esouv\u00e1 na n\u00e1\u0161 web, kde ho kdykoliv najdete.","url":"https:\/\/www.kuler.cz","hasPart":[{"@type":"Article","@id":"https:\/\/www.kuler.cz\/misto-kde-zijete-muze-prozradit-vase-vzdelani\/","headline":"M\u00edsto, kde \u017eijete, m\u016f\u017ee prozradit Va\u0161e vzd\u011bl\u00e1n\u00ed","url":"https:\/\/www.kuler.cz\/misto-kde-zijete-muze-prozradit-vase-vzdelani\/","datePublished":"2020-09-05","dateModified":"2023-06-07","mainEntityOfPage":"https:\/\/www.kuler.cz\/misto-kde-zijete-muze-prozradit-vase-vzdelani\/","author":{"@type":"Person","@id":"https:\/\/www.kuler.cz\/author\/#Person","name":"","url":"https:\/\/www.kuler.cz\/author\/","identifier":1,"image":{"@type":"ImageObject","@id":"https:\/\/secure.gravatar.com\/avatar\/dac37d998cdbc92cc7ee5d23d4d689a369122af40c5450007470acab45b61d68?s=96&d=mm&r=g","url":"https:\/\/secure.gravatar.com\/avatar\/dac37d998cdbc92cc7ee5d23d4d689a369122af40c5450007470acab45b61d68?s=96&d=mm&r=g","height":96,"width":96}},"publisher":{"@type":"Organization","name":"kuler.cz","logo":{"@type":"ImageObject","@id":"\/logo.png","url":"\/logo.png","width":600,"height":60}},"image":null,"wordCount":444,"keywords":null},{"@type":"Article","@id":"https:\/\/www.kuler.cz\/komunikujte-jako-on-a-vase-podnikani-bude-vzkvetat\/","headline":"Komunikujte jako on a va\u0161e podnik\u00e1n\u00ed bude vzkv\u00e9tat","url":"https:\/\/www.kuler.cz\/komunikujte-jako-on-a-vase-podnikani-bude-vzkvetat\/","datePublished":"2020-09-04","dateModified":"2023-06-07","mainEntityOfPage":"https:\/\/www.kuler.cz\/komunikujte-jako-on-a-vase-podnikani-bude-vzkvetat\/","author":{"@type":"Person","@id":"https:\/\/www.kuler.cz\/author\/#Person","name":"","url":"https:\/\/www.kuler.cz\/author\/","identifier":1,"image":{"@type":"ImageObject","@id":"https:\/\/secure.gravatar.com\/avatar\/dac37d998cdbc92cc7ee5d23d4d689a369122af40c5450007470acab45b61d68?s=96&d=mm&r=g","url":"https:\/\/secure.gravatar.com\/avatar\/dac37d998cdbc92cc7ee5d23d4d689a369122af40c5450007470acab45b61d68?s=96&d=mm&r=g","height":96,"width":96}},"publisher":{"@type":"Organization","name":"kuler.cz","logo":{"@type":"ImageObject","@id":"\/logo.png","url":"\/logo.png","width":600,"height":60}},"image":{"@type":"ImageObject","@id":"https:\/\/www.kuler.cz\/wp-content\/uploads\/img_a304454_w1724_t1515531766.jpg","url":"https:\/\/www.kuler.cz\/wp-content\/uploads\/img_a304454_w1724_t1515531766.jpg","height":0,"width":0},"wordCount":586,"keywords":null},{"@type":"Article","@id":"https:\/\/www.kuler.cz\/hleda-se-dobre-sladidlo\/","headline":"Hled\u00e1 se dobr\u00e9 sladidlo","url":"https:\/\/www.kuler.cz\/hleda-se-dobre-sladidlo\/","datePublished":"2020-05-18","dateModified":"2023-06-07","mainEntityOfPage":"https:\/\/www.kuler.cz\/hleda-se-dobre-sladidlo\/","author":{"@type":"Person","@id":"https:\/\/www.kuler.cz\/author\/#Person","name":"","url":"https:\/\/www.kuler.cz\/author\/","identifier":1,"image":{"@type":"ImageObject","@id":"https:\/\/secure.gravatar.com\/avatar\/dac37d998cdbc92cc7ee5d23d4d689a369122af40c5450007470acab45b61d68?s=96&d=mm&r=g","url":"https:\/\/secure.gravatar.com\/avatar\/dac37d998cdbc92cc7ee5d23d4d689a369122af40c5450007470acab45b61d68?s=96&d=mm&r=g","height":96,"width":96}},"publisher":{"@type":"Organization","name":"kuler.cz","logo":{"@type":"ImageObject","@id":"\/logo.png","url":"\/logo.png","width":600,"height":60}},"image":{"@type":"ImageObject","@id":"https:\/\/www.kuler.cz\/wp-content\/uploads\/st%C3%A9vie%20v%20s%C3%A1%C4%8Dku.jpg","url":"https:\/\/www.kuler.cz\/wp-content\/uploads\/st%C3%A9vie%20v%20s%C3%A1%C4%8Dku.jpg","height":0,"width":0},"wordCount":785,"keywords":null},{"@type":"Article","@id":"https:\/\/www.kuler.cz\/sjednejte-si-pujcku-a-nenechte-se-zbytecne-omezovat\/","headline":"Sjednejte si p\u016fj\u010dku, a nenechte se zbyte\u010dn\u011b omezovat","url":"https:\/\/www.kuler.cz\/sjednejte-si-pujcku-a-nenechte-se-zbytecne-omezovat\/","datePublished":"2020-05-17","dateModified":"2023-06-07","mainEntityOfPage":"https:\/\/www.kuler.cz\/sjednejte-si-pujcku-a-nenechte-se-zbytecne-omezovat\/","author":{"@type":"Person","@id":"https:\/\/www.kuler.cz\/author\/#Person","name":"","url":"https:\/\/www.kuler.cz\/author\/","identifier":1,"image":{"@type":"ImageObject","@id":"https:\/\/secure.gravatar.com\/avatar\/dac37d998cdbc92cc7ee5d23d4d689a369122af40c5450007470acab45b61d68?s=96&d=mm&r=g","url":"https:\/\/secure.gravatar.com\/avatar\/dac37d998cdbc92cc7ee5d23d4d689a369122af40c5450007470acab45b61d68?s=96&d=mm&r=g","height":96,"width":96}},"publisher":{"@type":"Organization","name":"kuler.cz","logo":{"@type":"ImageObject","@id":"\/logo.png","url":"\/logo.png","width":600,"height":60}},"image":{"@type":"ImageObject","@id":"https:\/\/www.kuler.cz\/wp-content\/uploads\/mince%20a%20bankovky%20(2)_2.jpg","url":"https:\/\/www.kuler.cz\/wp-content\/uploads\/mince%20a%20bankovky%20(2)_2.jpg","height":0,"width":0},"wordCount":682,"keywords":null},{"@type":"Article","@id":"https:\/\/www.kuler.cz\/dokonala-narozeninova-oslava\/","headline":"Dokonal\u00e1 narozeninov\u00e1 oslava","url":"https:\/\/www.kuler.cz\/dokonala-narozeninova-oslava\/","datePublished":"2020-05-15","dateModified":"2024-04-10","mainEntityOfPage":"https:\/\/www.kuler.cz\/dokonala-narozeninova-oslava\/","author":{"@type":"Person","@id":"https:\/\/www.kuler.cz\/author\/#Person","name":"","url":"https:\/\/www.kuler.cz\/author\/","identifier":1,"image":{"@type":"ImageObject","@id":"https:\/\/secure.gravatar.com\/avatar\/dac37d998cdbc92cc7ee5d23d4d689a369122af40c5450007470acab45b61d68?s=96&d=mm&r=g","url":"https:\/\/secure.gravatar.com\/avatar\/dac37d998cdbc92cc7ee5d23d4d689a369122af40c5450007470acab45b61d68?s=96&d=mm&r=g","height":96,"width":96}},"publisher":{"@type":"Organization","name":"kuler.cz","logo":{"@type":"ImageObject","@id":"\/logo.png","url":"\/logo.png","width":600,"height":60}},"image":{"@type":"ImageObject","@id":"https:\/\/www.kuler.cz\/wp-content\/uploads\/narozeninov%C3%BD%20dort_1.jpg","url":"https:\/\/www.kuler.cz\/wp-content\/uploads\/narozeninov%C3%BD%20dort_1.jpg","height":0,"width":0},"wordCount":669,"keywords":null},{"@type":"Article","@id":"https:\/\/www.kuler.cz\/vdecny-pritel\/","headline":"Vd\u011b\u010dn\u00fd p\u0159\u00edtel","url":"https:\/\/www.kuler.cz\/vdecny-pritel\/","datePublished":"2020-01-21","dateModified":"2023-06-07","mainEntityOfPage":"https:\/\/www.kuler.cz\/vdecny-pritel\/","author":{"@type":"Person","@id":"https:\/\/www.kuler.cz\/author\/#Person","name":"","url":"https:\/\/www.kuler.cz\/author\/","identifier":1,"image":{"@type":"ImageObject","@id":"https:\/\/secure.gravatar.com\/avatar\/dac37d998cdbc92cc7ee5d23d4d689a369122af40c5450007470acab45b61d68?s=96&d=mm&r=g","url":"https:\/\/secure.gravatar.com\/avatar\/dac37d998cdbc92cc7ee5d23d4d689a369122af40c5450007470acab45b61d68?s=96&d=mm&r=g","height":96,"width":96}},"publisher":{"@type":"Organization","name":"kuler.cz","logo":{"@type":"ImageObject","@id":"\/logo.png","url":"\/logo.png","width":600,"height":60}},"image":{"@type":"ImageObject","@id":"https:\/\/www.kuler.cz\/wp-content\/uploads\/img_a359177_w3198_t1573304105.jpg","url":"https:\/\/www.kuler.cz\/wp-content\/uploads\/img_a359177_w3198_t1573304105.jpg","height":0,"width":0},"wordCount":481,"keywords":null},{"@type":"Article","@id":"https:\/\/www.kuler.cz\/plot-ktery-splni-vsechny-vase-predstavy-a-pozadavky\/","headline":"Plot, kter\u00fd spln\u00ed v\u0161echny va\u0161e p\u0159edstavy a po\u017eadavky","url":"https:\/\/www.kuler.cz\/plot-ktery-splni-vsechny-vase-predstavy-a-pozadavky\/","datePublished":"2020-01-07","dateModified":"2023-06-07","mainEntityOfPage":"https:\/\/www.kuler.cz\/plot-ktery-splni-vsechny-vase-predstavy-a-pozadavky\/","author":{"@type":"Person","@id":"https:\/\/www.kuler.cz\/author\/#Person","name":"","url":"https:\/\/www.kuler.cz\/author\/","identifier":1,"image":{"@type":"ImageObject","@id":"https:\/\/secure.gravatar.com\/avatar\/dac37d998cdbc92cc7ee5d23d4d689a369122af40c5450007470acab45b61d68?s=96&d=mm&r=g","url":"https:\/\/secure.gravatar.com\/avatar\/dac37d998cdbc92cc7ee5d23d4d689a369122af40c5450007470acab45b61d68?s=96&d=mm&r=g","height":96,"width":96}},"publisher":{"@type":"Organization","name":"kuler.cz","logo":{"@type":"ImageObject","@id":"\/logo.png","url":"\/logo.png","width":600,"height":60}},"image":{"@type":"ImageObject","@id":"https:\/\/www.kuler.cz\/wp-content\/uploads\/img_a374714_w1773_t1586417296.jpg","url":"https:\/\/www.kuler.cz\/wp-content\/uploads\/img_a374714_w1773_t1586417296.jpg","height":0,"width":0},"wordCount":486,"keywords":null},{"@type":"Article","@id":"https:\/\/www.kuler.cz\/inspirujte-se-a-zacnete-s-podnikanim-z-domova\/","headline":"Inspirujte se a za\u010dn\u011bte s podnik\u00e1n\u00edm z domova","url":"https:\/\/www.kuler.cz\/inspirujte-se-a-zacnete-s-podnikanim-z-domova\/","datePublished":"2019-11-16","dateModified":"2023-06-07","mainEntityOfPage":"https:\/\/www.kuler.cz\/inspirujte-se-a-zacnete-s-podnikanim-z-domova\/","author":{"@type":"Person","@id":"https:\/\/www.kuler.cz\/author\/#Person","name":"","url":"https:\/\/www.kuler.cz\/author\/","identifier":1,"image":{"@type":"ImageObject","@id":"https:\/\/secure.gravatar.com\/avatar\/dac37d998cdbc92cc7ee5d23d4d689a369122af40c5450007470acab45b61d68?s=96&d=mm&r=g","url":"https:\/\/secure.gravatar.com\/avatar\/dac37d998cdbc92cc7ee5d23d4d689a369122af40c5450007470acab45b61d68?s=96&d=mm&r=g","height":96,"width":96}},"publisher":{"@type":"Organization","name":"kuler.cz","logo":{"@type":"ImageObject","@id":"\/logo.png","url":"\/logo.png","width":600,"height":60}},"image":{"@type":"ImageObject","@id":"https:\/\/www.kuler.cz\/wp-content\/uploads\/img_a361120_w3744_t1574537778.jpg","url":"https:\/\/www.kuler.cz\/wp-content\/uploads\/img_a361120_w3744_t1574537778.jpg","height":0,"width":0},"wordCount":508,"keywords":null},{"@type":"Article","@id":"https:\/\/www.kuler.cz\/zdravy-spanek-se-odviji-od-kvalitni-postele\/","headline":"Zdrav\u00fd sp\u00e1nek se odv\u00edj\u00ed od kvalitn\u00ed postele","url":"https:\/\/www.kuler.cz\/zdravy-spanek-se-odviji-od-kvalitni-postele\/","datePublished":"2019-11-04","dateModified":"2023-06-07","mainEntityOfPage":"https:\/\/www.kuler.cz\/zdravy-spanek-se-odviji-od-kvalitni-postele\/","author":{"@type":"Person","@id":"https:\/\/www.kuler.cz\/author\/#Person","name":"","url":"https:\/\/www.kuler.cz\/author\/","identifier":1,"image":{"@type":"ImageObject","@id":"https:\/\/secure.gravatar.com\/avatar\/dac37d998cdbc92cc7ee5d23d4d689a369122af40c5450007470acab45b61d68?s=96&d=mm&r=g","url":"https:\/\/secure.gravatar.com\/avatar\/dac37d998cdbc92cc7ee5d23d4d689a369122af40c5450007470acab45b61d68?s=96&d=mm&r=g","height":96,"width":96}},"publisher":{"@type":"Organization","name":"kuler.cz","logo":{"@type":"ImageObject","@id":"\/logo.png","url":"\/logo.png","width":600,"height":60}},"image":{"@type":"ImageObject","@id":"https:\/\/www.kuler.cz\/wp-content\/uploads\/img_a370885_w2217_t1582546042.jpg","url":"https:\/\/www.kuler.cz\/wp-content\/uploads\/img_a370885_w2217_t1582546042.jpg","height":0,"width":0},"wordCount":572,"keywords":null},{"@type":"Article","@id":"https:\/\/www.kuler.cz\/mate-nemovitost-pak-mate-vyhrano\/","headline":"M\u00e1te nemovitost? Pak m\u00e1te vyhr\u00e1no","url":"https:\/\/www.kuler.cz\/mate-nemovitost-pak-mate-vyhrano\/","datePublished":"2019-09-16","dateModified":"2023-06-07","mainEntityOfPage":"https:\/\/www.kuler.cz\/mate-nemovitost-pak-mate-vyhrano\/","author":{"@type":"Person","@id":"https:\/\/www.kuler.cz\/author\/#Person","name":"","url":"https:\/\/www.kuler.cz\/author\/","identifier":1,"image":{"@type":"ImageObject","@id":"https:\/\/secure.gravatar.com\/avatar\/dac37d998cdbc92cc7ee5d23d4d689a369122af40c5450007470acab45b61d68?s=96&d=mm&r=g","url":"https:\/\/secure.gravatar.com\/avatar\/dac37d998cdbc92cc7ee5d23d4d689a369122af40c5450007470acab45b61d68?s=96&d=mm&r=g","height":96,"width":96}},"publisher":{"@type":"Organization","name":"kuler.cz","logo":{"@type":"ImageObject","@id":"\/logo.png","url":"\/logo.png","width":600,"height":60}},"image":{"@type":"ImageObject","@id":"https:\/\/www.kuler.cz\/wp-content\/uploads\/img_a343736_w1734_t1557129297.jpg","url":"https:\/\/www.kuler.cz\/wp-content\/uploads\/img_a343736_w1734_t1557129297.jpg","height":0,"width":0},"wordCount":569,"keywords":null}]},{"@context":"https:\/\/schema.org","@type":"WebSite","@id":"https:\/\/www.kuler.cz\/#website","name":"K\u016fler","url":"https:\/\/www.kuler.cz","potentialAction":{"@type":"SearchAction","target":"https:\/\/www.kuler.cz\/?s={search_term_string}","query-input":"required name=search_term_string"}}]