[{"@context":"https:\/\/schema.org\/","@type":"Blog","@id":"https:\/\/www.kuler.cz#Blog","headline":"K\u016fler","description":"\nLeckdy by se mohlo zd\u00e1t, \u017ee z\u00a0tohoto sv\u011bta kamsi miz\u00ed dobro. Ale v\u011b\u0159te, \u017ee nemiz\u00ed. Jenom se houfn\u011b p\u0159esouv\u00e1 na n\u00e1\u0161 web, kde ho kdykoliv najdete.","url":"https:\/\/www.kuler.cz","hasPart":[{"@type":"Article","@id":"https:\/\/www.kuler.cz\/kdy-se-vyplati-americka-hypoteka\/","headline":"Kdy se vyplat\u00ed americk\u00e1 hypot\u00e9ka?","url":"https:\/\/www.kuler.cz\/kdy-se-vyplati-americka-hypoteka\/","datePublished":"2022-02-14","dateModified":"2023-06-07","mainEntityOfPage":"https:\/\/www.kuler.cz\/kdy-se-vyplati-americka-hypoteka\/","author":{"@type":"Person","@id":"https:\/\/www.kuler.cz\/author\/#Person","name":"","url":"https:\/\/www.kuler.cz\/author\/","identifier":1,"image":{"@type":"ImageObject","@id":"https:\/\/secure.gravatar.com\/avatar\/dac37d998cdbc92cc7ee5d23d4d689a369122af40c5450007470acab45b61d68?s=96&d=mm&r=g","url":"https:\/\/secure.gravatar.com\/avatar\/dac37d998cdbc92cc7ee5d23d4d689a369122af40c5450007470acab45b61d68?s=96&d=mm&r=g","height":96,"width":96}},"publisher":{"@type":"Organization","name":"kuler.cz","logo":{"@type":"ImageObject","@id":"\/logo.png","url":"\/logo.png","width":600,"height":60}},"image":{"@type":"ImageObject","@id":"https:\/\/www.kuler.cz\/wp-content\/uploads\/pexels-andrea-piacquadio-3767397_2.jpg","url":"https:\/\/www.kuler.cz\/wp-content\/uploads\/pexels-andrea-piacquadio-3767397_2.jpg","height":0,"width":0},"wordCount":664,"keywords":null},{"@type":"Article","@id":"https:\/\/www.kuler.cz\/vanocni-vence\/","headline":"V\u00e1no\u010dn\u00ed v\u011bnce","url":"https:\/\/www.kuler.cz\/vanocni-vence\/","datePublished":"2021-09-17","dateModified":"2023-06-07","mainEntityOfPage":"https:\/\/www.kuler.cz\/vanocni-vence\/","author":{"@type":"Person","@id":"https:\/\/www.kuler.cz\/author\/#Person","name":"","url":"https:\/\/www.kuler.cz\/author\/","identifier":1,"image":{"@type":"ImageObject","@id":"https:\/\/secure.gravatar.com\/avatar\/dac37d998cdbc92cc7ee5d23d4d689a369122af40c5450007470acab45b61d68?s=96&d=mm&r=g","url":"https:\/\/secure.gravatar.com\/avatar\/dac37d998cdbc92cc7ee5d23d4d689a369122af40c5450007470acab45b61d68?s=96&d=mm&r=g","height":96,"width":96}},"publisher":{"@type":"Organization","name":"kuler.cz","logo":{"@type":"ImageObject","@id":"\/logo.png","url":"\/logo.png","width":600,"height":60}},"image":{"@type":"ImageObject","@id":"https:\/\/www.kuler.cz\/wp-content\/uploads\/V%C3%A1no%C4%8Dn%C3%AD%20v%C4%9Bnec%20klasick%C3%BD.jpg","url":"https:\/\/www.kuler.cz\/wp-content\/uploads\/V%C3%A1no%C4%8Dn%C3%AD%20v%C4%9Bnec%20klasick%C3%BD.jpg","height":0,"width":0},"wordCount":683,"keywords":null},{"@type":"Article","@id":"https:\/\/www.kuler.cz\/je-cas-skoncit-s-myty-o-satenu\/","headline":"Je \u010das skon\u010dit s m\u00fdty o sat\u00e9nu","url":"https:\/\/www.kuler.cz\/je-cas-skoncit-s-myty-o-satenu\/","datePublished":"2021-05-17","dateModified":"2023-09-02","mainEntityOfPage":"https:\/\/www.kuler.cz\/je-cas-skoncit-s-myty-o-satenu\/","author":{"@type":"Person","@id":"https:\/\/www.kuler.cz\/author\/#Person","name":"","url":"https:\/\/www.kuler.cz\/author\/","identifier":1,"image":{"@type":"ImageObject","@id":"https:\/\/secure.gravatar.com\/avatar\/dac37d998cdbc92cc7ee5d23d4d689a369122af40c5450007470acab45b61d68?s=96&d=mm&r=g","url":"https:\/\/secure.gravatar.com\/avatar\/dac37d998cdbc92cc7ee5d23d4d689a369122af40c5450007470acab45b61d68?s=96&d=mm&r=g","height":96,"width":96}},"publisher":{"@type":"Organization","name":"kuler.cz","logo":{"@type":"ImageObject","@id":"\/logo.png","url":"\/logo.png","width":600,"height":60}},"image":{"@type":"ImageObject","@id":"https:\/\/www.kuler.cz\/wp-content\/uploads\/ceske-satenove-prosteradlo-luxury-collection-80x200cm-tmave-fialove_qwLHV3.jpg","url":"https:\/\/www.kuler.cz\/wp-content\/uploads\/ceske-satenove-prosteradlo-luxury-collection-80x200cm-tmave-fialove_qwLHV3.jpg","height":0,"width":0},"wordCount":553,"keywords":null},{"@type":"Article","@id":"https:\/\/www.kuler.cz\/jsou-potreba-dalsi-penize\/","headline":"Jsou pot\u0159eba dal\u0161\u00ed pen\u00edze?","url":"https:\/\/www.kuler.cz\/jsou-potreba-dalsi-penize\/","datePublished":"2021-03-19","dateModified":"2021-03-19","mainEntityOfPage":"https:\/\/www.kuler.cz\/jsou-potreba-dalsi-penize\/","author":{"@type":"Person","@id":"https:\/\/www.kuler.cz\/author\/#Person","name":"","url":"https:\/\/www.kuler.cz\/author\/","identifier":1,"image":{"@type":"ImageObject","@id":"https:\/\/secure.gravatar.com\/avatar\/dac37d998cdbc92cc7ee5d23d4d689a369122af40c5450007470acab45b61d68?s=96&d=mm&r=g","url":"https:\/\/secure.gravatar.com\/avatar\/dac37d998cdbc92cc7ee5d23d4d689a369122af40c5450007470acab45b61d68?s=96&d=mm&r=g","height":96,"width":96}},"publisher":{"@type":"Organization","name":"kuler.cz","logo":{"@type":"ImageObject","@id":"\/logo.png","url":"\/logo.png","width":600,"height":60}},"image":{"@type":"ImageObject","@id":"https:\/\/www.kuler.cz\/wp-content\/uploads\/srovnan%C3%A9%20mince_10_3.jpg","url":"https:\/\/www.kuler.cz\/wp-content\/uploads\/srovnan%C3%A9%20mince_10_3.jpg","height":0,"width":0},"wordCount":669,"keywords":null},{"@type":"Article","@id":"https:\/\/www.kuler.cz\/zjednoduste-si-udrzbu-bazenu\/","headline":"Zjednodu\u0161te si \u00fadr\u017ebu baz\u00e9nu","url":"https:\/\/www.kuler.cz\/zjednoduste-si-udrzbu-bazenu\/","datePublished":"2021-02-23","dateModified":"2023-06-07","mainEntityOfPage":"https:\/\/www.kuler.cz\/zjednoduste-si-udrzbu-bazenu\/","author":{"@type":"Person","@id":"https:\/\/www.kuler.cz\/author\/#Person","name":"","url":"https:\/\/www.kuler.cz\/author\/","identifier":1,"image":{"@type":"ImageObject","@id":"https:\/\/secure.gravatar.com\/avatar\/dac37d998cdbc92cc7ee5d23d4d689a369122af40c5450007470acab45b61d68?s=96&d=mm&r=g","url":"https:\/\/secure.gravatar.com\/avatar\/dac37d998cdbc92cc7ee5d23d4d689a369122af40c5450007470acab45b61d68?s=96&d=mm&r=g","height":96,"width":96}},"publisher":{"@type":"Organization","name":"kuler.cz","logo":{"@type":"ImageObject","@id":"\/logo.png","url":"\/logo.png","width":600,"height":60}},"image":{"@type":"ImageObject","@id":"https:\/\/www.kuler.cz\/wp-content\/uploads\/udr%C5%BEovan%C3%BD%20baz%C3%A9n_4.jpg","url":"https:\/\/www.kuler.cz\/wp-content\/uploads\/udr%C5%BEovan%C3%BD%20baz%C3%A9n_4.jpg","height":0,"width":0},"wordCount":557,"keywords":null},{"@type":"Article","@id":"https:\/\/www.kuler.cz\/je-vhodne-aby-pouzivala-reklamu-typu-ppc-ostrava-ci-jina-mesta\/","headline":"Je vhodn\u00e9, aby pou\u017e\u00edvala reklamu typu PPC Ostrava \u010di jin\u00e1 m\u011bsta?","url":"https:\/\/www.kuler.cz\/je-vhodne-aby-pouzivala-reklamu-typu-ppc-ostrava-ci-jina-mesta\/","datePublished":"2021-02-11","dateModified":"2023-06-07","mainEntityOfPage":"https:\/\/www.kuler.cz\/je-vhodne-aby-pouzivala-reklamu-typu-ppc-ostrava-ci-jina-mesta\/","author":{"@type":"Person","@id":"https:\/\/www.kuler.cz\/author\/#Person","name":"","url":"https:\/\/www.kuler.cz\/author\/","identifier":1,"image":{"@type":"ImageObject","@id":"https:\/\/secure.gravatar.com\/avatar\/dac37d998cdbc92cc7ee5d23d4d689a369122af40c5450007470acab45b61d68?s=96&d=mm&r=g","url":"https:\/\/secure.gravatar.com\/avatar\/dac37d998cdbc92cc7ee5d23d4d689a369122af40c5450007470acab45b61d68?s=96&d=mm&r=g","height":96,"width":96}},"publisher":{"@type":"Organization","name":"kuler.cz","logo":{"@type":"ImageObject","@id":"\/logo.png","url":"\/logo.png","width":600,"height":60}},"image":{"@type":"ImageObject","@id":"https:\/\/www.kuler.cz\/wp-content\/uploads\/digit%C3%A1ln%C3%AD%20marketing_5UVC90.jpg","url":"https:\/\/www.kuler.cz\/wp-content\/uploads\/digit%C3%A1ln%C3%AD%20marketing_5UVC90.jpg","height":0,"width":0},"wordCount":536,"keywords":null},{"@type":"Article","@id":"https:\/\/www.kuler.cz\/nepodcenujte-poruchy-prijmu-potravy\/","headline":"Nepodce\u0148ujte poruchy p\u0159\u00edjmu potravy!","url":"https:\/\/www.kuler.cz\/nepodcenujte-poruchy-prijmu-potravy\/","datePublished":"2020-12-13","dateModified":"2023-06-07","mainEntityOfPage":"https:\/\/www.kuler.cz\/nepodcenujte-poruchy-prijmu-potravy\/","author":{"@type":"Person","@id":"https:\/\/www.kuler.cz\/author\/#Person","name":"","url":"https:\/\/www.kuler.cz\/author\/","identifier":1,"image":{"@type":"ImageObject","@id":"https:\/\/secure.gravatar.com\/avatar\/dac37d998cdbc92cc7ee5d23d4d689a369122af40c5450007470acab45b61d68?s=96&d=mm&r=g","url":"https:\/\/secure.gravatar.com\/avatar\/dac37d998cdbc92cc7ee5d23d4d689a369122af40c5450007470acab45b61d68?s=96&d=mm&r=g","height":96,"width":96}},"publisher":{"@type":"Organization","name":"kuler.cz","logo":{"@type":"ImageObject","@id":"\/logo.png","url":"\/logo.png","width":600,"height":60}},"image":{"@type":"ImageObject","@id":"https:\/\/www.kuler.cz\/wp-content\/uploads\/hunger-413685_1920.jpg","url":"https:\/\/www.kuler.cz\/wp-content\/uploads\/hunger-413685_1920.jpg","height":0,"width":0},"wordCount":666,"keywords":null},{"@type":"Article","@id":"https:\/\/www.kuler.cz\/kila-dolu-neleti\/","headline":"Kila dol\u016f (ne)let\u00ed","url":"https:\/\/www.kuler.cz\/kila-dolu-neleti\/","datePublished":"2020-10-13","dateModified":"2023-06-07","mainEntityOfPage":"https:\/\/www.kuler.cz\/kila-dolu-neleti\/","author":{"@type":"Person","@id":"https:\/\/www.kuler.cz\/author\/#Person","name":"","url":"https:\/\/www.kuler.cz\/author\/","identifier":1,"image":{"@type":"ImageObject","@id":"https:\/\/secure.gravatar.com\/avatar\/dac37d998cdbc92cc7ee5d23d4d689a369122af40c5450007470acab45b61d68?s=96&d=mm&r=g","url":"https:\/\/secure.gravatar.com\/avatar\/dac37d998cdbc92cc7ee5d23d4d689a369122af40c5450007470acab45b61d68?s=96&d=mm&r=g","height":96,"width":96}},"publisher":{"@type":"Organization","name":"kuler.cz","logo":{"@type":"ImageObject","@id":"\/logo.png","url":"\/logo.png","width":600,"height":60}},"image":{"@type":"ImageObject","@id":"https:\/\/www.kuler.cz\/wp-content\/uploads\/img_a291930_w1771_t1504197115.jpg","url":"https:\/\/www.kuler.cz\/wp-content\/uploads\/img_a291930_w1771_t1504197115.jpg","height":0,"width":0},"wordCount":504,"keywords":null},{"@type":"Article","@id":"https:\/\/www.kuler.cz\/ultrazvuk-ano-nebo-ne\/","headline":"Ultrazvuk \u2013 ano nebo ne?","url":"https:\/\/www.kuler.cz\/ultrazvuk-ano-nebo-ne\/","datePublished":"2020-09-19","dateModified":"2023-06-07","mainEntityOfPage":"https:\/\/www.kuler.cz\/ultrazvuk-ano-nebo-ne\/","author":{"@type":"Person","@id":"https:\/\/www.kuler.cz\/author\/#Person","name":"","url":"https:\/\/www.kuler.cz\/author\/","identifier":1,"image":{"@type":"ImageObject","@id":"https:\/\/secure.gravatar.com\/avatar\/dac37d998cdbc92cc7ee5d23d4d689a369122af40c5450007470acab45b61d68?s=96&d=mm&r=g","url":"https:\/\/secure.gravatar.com\/avatar\/dac37d998cdbc92cc7ee5d23d4d689a369122af40c5450007470acab45b61d68?s=96&d=mm&r=g","height":96,"width":96}},"publisher":{"@type":"Organization","name":"kuler.cz","logo":{"@type":"ImageObject","@id":"\/logo.png","url":"\/logo.png","width":600,"height":60}},"image":{"@type":"ImageObject","@id":"https:\/\/www.kuler.cz\/wp-content\/uploads\/img_a288386_w2217_t1498751426.jpg","url":"https:\/\/www.kuler.cz\/wp-content\/uploads\/img_a288386_w2217_t1498751426.jpg","height":0,"width":0},"wordCount":489,"keywords":null},{"@type":"Article","@id":"https:\/\/www.kuler.cz\/mandlova-mouka\/","headline":"Mandlov\u00e1 mouka","url":"https:\/\/www.kuler.cz\/mandlova-mouka\/","datePublished":"2020-09-08","dateModified":"2023-06-07","mainEntityOfPage":"https:\/\/www.kuler.cz\/mandlova-mouka\/","author":{"@type":"Person","@id":"https:\/\/www.kuler.cz\/author\/#Person","name":"","url":"https:\/\/www.kuler.cz\/author\/","identifier":1,"image":{"@type":"ImageObject","@id":"https:\/\/secure.gravatar.com\/avatar\/dac37d998cdbc92cc7ee5d23d4d689a369122af40c5450007470acab45b61d68?s=96&d=mm&r=g","url":"https:\/\/secure.gravatar.com\/avatar\/dac37d998cdbc92cc7ee5d23d4d689a369122af40c5450007470acab45b61d68?s=96&d=mm&r=g","height":96,"width":96}},"publisher":{"@type":"Organization","name":"kuler.cz","logo":{"@type":"ImageObject","@id":"\/logo.png","url":"\/logo.png","width":600,"height":60}},"image":{"@type":"ImageObject","@id":"https:\/\/www.kuler.cz\/wp-content\/uploads\/mandlov%C3%A1%20mouka.png","url":"https:\/\/www.kuler.cz\/wp-content\/uploads\/mandlov%C3%A1%20mouka.png","height":0,"width":0},"wordCount":1166,"keywords":null}]},{"@context":"https:\/\/schema.org","@type":"WebSite","@id":"https:\/\/www.kuler.cz\/#website","name":"K\u016fler","url":"https:\/\/www.kuler.cz","potentialAction":{"@type":"SearchAction","target":"https:\/\/www.kuler.cz\/?s={search_term_string}","query-input":"required name=search_term_string"}}]