[{"@context":"https:\/\/schema.org\/","@type":"Blog","@id":"https:\/\/www.kuler.cz#Blog","headline":"K\u016fler","description":"\nLeckdy by se mohlo zd\u00e1t, \u017ee z\u00a0tohoto sv\u011bta kamsi miz\u00ed dobro. Ale v\u011b\u0159te, \u017ee nemiz\u00ed. Jenom se houfn\u011b p\u0159esouv\u00e1 na n\u00e1\u0161 web, kde ho kdykoliv najdete.","url":"https:\/\/www.kuler.cz","hasPart":[{"@type":"Article","@id":"https:\/\/www.kuler.cz\/takova-mala-vilka\/","headline":"Takov\u00e1 mal\u00e1 vilka","url":"https:\/\/www.kuler.cz\/takova-mala-vilka\/","datePublished":"2023-06-07","dateModified":"2023-06-07","mainEntityOfPage":"https:\/\/www.kuler.cz\/takova-mala-vilka\/","author":{"@type":"Person","@id":"https:\/\/www.kuler.cz\/author\/#Person","name":"","url":"https:\/\/www.kuler.cz\/author\/","identifier":1,"image":{"@type":"ImageObject","@id":"https:\/\/secure.gravatar.com\/avatar\/dac37d998cdbc92cc7ee5d23d4d689a369122af40c5450007470acab45b61d68?s=96&d=mm&r=g","url":"https:\/\/secure.gravatar.com\/avatar\/dac37d998cdbc92cc7ee5d23d4d689a369122af40c5450007470acab45b61d68?s=96&d=mm&r=g","height":96,"width":96}},"publisher":{"@type":"Organization","name":"kuler.cz","logo":{"@type":"ImageObject","@id":"\/logo.png","url":"\/logo.png","width":600,"height":60}},"image":null,"wordCount":482,"keywords":null},{"@type":"Article","@id":"https:\/\/www.kuler.cz\/venkovni-posezeni-laka\/","headline":"Venkovn\u00ed posezen\u00ed l\u00e1k\u00e1","url":"https:\/\/www.kuler.cz\/venkovni-posezeni-laka\/","datePublished":"2023-06-07","dateModified":"2023-06-07","mainEntityOfPage":"https:\/\/www.kuler.cz\/venkovni-posezeni-laka\/","author":{"@type":"Person","@id":"https:\/\/www.kuler.cz\/author\/#Person","name":"","url":"https:\/\/www.kuler.cz\/author\/","identifier":1,"image":{"@type":"ImageObject","@id":"https:\/\/secure.gravatar.com\/avatar\/dac37d998cdbc92cc7ee5d23d4d689a369122af40c5450007470acab45b61d68?s=96&d=mm&r=g","url":"https:\/\/secure.gravatar.com\/avatar\/dac37d998cdbc92cc7ee5d23d4d689a369122af40c5450007470acab45b61d68?s=96&d=mm&r=g","height":96,"width":96}},"publisher":{"@type":"Organization","name":"kuler.cz","logo":{"@type":"ImageObject","@id":"\/logo.png","url":"\/logo.png","width":600,"height":60}},"image":null,"wordCount":446,"keywords":null},{"@type":"Article","@id":"https:\/\/www.kuler.cz\/hledani-vhodneho-reseni-pro-oba\/","headline":"Hled\u00e1n\u00ed vhodn\u00e9ho \u0159e\u0161en\u00ed pro oba","url":"https:\/\/www.kuler.cz\/hledani-vhodneho-reseni-pro-oba\/","datePublished":"2023-06-07","dateModified":"2023-06-07","mainEntityOfPage":"https:\/\/www.kuler.cz\/hledani-vhodneho-reseni-pro-oba\/","author":{"@type":"Person","@id":"https:\/\/www.kuler.cz\/author\/#Person","name":"","url":"https:\/\/www.kuler.cz\/author\/","identifier":1,"image":{"@type":"ImageObject","@id":"https:\/\/secure.gravatar.com\/avatar\/dac37d998cdbc92cc7ee5d23d4d689a369122af40c5450007470acab45b61d68?s=96&d=mm&r=g","url":"https:\/\/secure.gravatar.com\/avatar\/dac37d998cdbc92cc7ee5d23d4d689a369122af40c5450007470acab45b61d68?s=96&d=mm&r=g","height":96,"width":96}},"publisher":{"@type":"Organization","name":"kuler.cz","logo":{"@type":"ImageObject","@id":"\/logo.png","url":"\/logo.png","width":600,"height":60}},"image":null,"wordCount":586,"keywords":null},{"@type":"Article","@id":"https:\/\/www.kuler.cz\/jak-jsou-na-tom-plastove-palety-s-nosnosti\/","headline":"Jak jsou na tom plastov\u00e9 palety s nosnost\u00ed","url":"https:\/\/www.kuler.cz\/jak-jsou-na-tom-plastove-palety-s-nosnosti\/","datePublished":"2023-05-29","dateModified":"2023-07-21","mainEntityOfPage":"https:\/\/www.kuler.cz\/jak-jsou-na-tom-plastove-palety-s-nosnosti\/","author":{"@type":"Person","@id":"https:\/\/www.kuler.cz\/author\/#Person","name":"","url":"https:\/\/www.kuler.cz\/author\/","identifier":1,"image":{"@type":"ImageObject","@id":"https:\/\/secure.gravatar.com\/avatar\/dac37d998cdbc92cc7ee5d23d4d689a369122af40c5450007470acab45b61d68?s=96&d=mm&r=g","url":"https:\/\/secure.gravatar.com\/avatar\/dac37d998cdbc92cc7ee5d23d4d689a369122af40c5450007470acab45b61d68?s=96&d=mm&r=g","height":96,"width":96}},"publisher":{"@type":"Organization","name":"kuler.cz","logo":{"@type":"ImageObject","@id":"\/logo.png","url":"\/logo.png","width":600,"height":60}},"image":{"@type":"ImageObject","@id":"https:\/\/www.kuler.cz\/wp-content\/uploads\/jon-moore-TDvV9SVQIC4-unsplash_1.jpg","url":"https:\/\/www.kuler.cz\/wp-content\/uploads\/jon-moore-TDvV9SVQIC4-unsplash_1.jpg","height":0,"width":0},"wordCount":499,"keywords":null},{"@type":"Article","@id":"https:\/\/www.kuler.cz\/velke-stehovani\/","headline":"Velk\u00e9 st\u011bhov\u00e1n\u00ed","url":"https:\/\/www.kuler.cz\/velke-stehovani\/","datePublished":"2023-05-29","dateModified":"2023-05-29","mainEntityOfPage":"https:\/\/www.kuler.cz\/velke-stehovani\/","author":{"@type":"Person","@id":"https:\/\/www.kuler.cz\/author\/#Person","name":"","url":"https:\/\/www.kuler.cz\/author\/","identifier":1,"image":{"@type":"ImageObject","@id":"https:\/\/secure.gravatar.com\/avatar\/dac37d998cdbc92cc7ee5d23d4d689a369122af40c5450007470acab45b61d68?s=96&d=mm&r=g","url":"https:\/\/secure.gravatar.com\/avatar\/dac37d998cdbc92cc7ee5d23d4d689a369122af40c5450007470acab45b61d68?s=96&d=mm&r=g","height":96,"width":96}},"publisher":{"@type":"Organization","name":"kuler.cz","logo":{"@type":"ImageObject","@id":"\/logo.png","url":"\/logo.png","width":600,"height":60}},"image":{"@type":"ImageObject","@id":"https:\/\/www.kuler.cz\/wp-content\/uploads\/kitchen-2165756_1280.jpg","url":"https:\/\/www.kuler.cz\/wp-content\/uploads\/kitchen-2165756_1280.jpg","height":0,"width":0},"wordCount":571,"keywords":null},{"@type":"Article","@id":"https:\/\/www.kuler.cz\/jednoducha-uprava-ktera-vse-zmeni\/","headline":"Jednoduch\u00e1 \u00faprava, kter\u00e1 v\u0161e zm\u011bn\u00ed","url":"https:\/\/www.kuler.cz\/jednoducha-uprava-ktera-vse-zmeni\/","datePublished":"2023-05-10","dateModified":"2024-05-12","mainEntityOfPage":"https:\/\/www.kuler.cz\/jednoducha-uprava-ktera-vse-zmeni\/","author":{"@type":"Person","@id":"https:\/\/www.kuler.cz\/author\/#Person","name":"","url":"https:\/\/www.kuler.cz\/author\/","identifier":1,"image":{"@type":"ImageObject","@id":"https:\/\/secure.gravatar.com\/avatar\/dac37d998cdbc92cc7ee5d23d4d689a369122af40c5450007470acab45b61d68?s=96&d=mm&r=g","url":"https:\/\/secure.gravatar.com\/avatar\/dac37d998cdbc92cc7ee5d23d4d689a369122af40c5450007470acab45b61d68?s=96&d=mm&r=g","height":96,"width":96}},"publisher":{"@type":"Organization","name":"kuler.cz","logo":{"@type":"ImageObject","@id":"\/logo.png","url":"\/logo.png","width":600,"height":60}},"image":null,"wordCount":246,"keywords":null},{"@type":"Article","@id":"https:\/\/www.kuler.cz\/diky-spolupraci-s-nami-dostanete-ten-pravy-dpf-filtr\/","headline":"D\u00edky spolupr\u00e1ci s n\u00e1mi dostanete ten prav\u00fd DPF filtr","url":"https:\/\/www.kuler.cz\/diky-spolupraci-s-nami-dostanete-ten-pravy-dpf-filtr\/","datePublished":"2023-04-02","dateModified":"2024-04-08","mainEntityOfPage":"https:\/\/www.kuler.cz\/diky-spolupraci-s-nami-dostanete-ten-pravy-dpf-filtr\/","author":{"@type":"Person","@id":"https:\/\/www.kuler.cz\/author\/#Person","name":"","url":"https:\/\/www.kuler.cz\/author\/","identifier":1,"image":{"@type":"ImageObject","@id":"https:\/\/secure.gravatar.com\/avatar\/dac37d998cdbc92cc7ee5d23d4d689a369122af40c5450007470acab45b61d68?s=96&d=mm&r=g","url":"https:\/\/secure.gravatar.com\/avatar\/dac37d998cdbc92cc7ee5d23d4d689a369122af40c5450007470acab45b61d68?s=96&d=mm&r=g","height":96,"width":96}},"publisher":{"@type":"Organization","name":"kuler.cz","logo":{"@type":"ImageObject","@id":"\/logo.png","url":"\/logo.png","width":600,"height":60}},"image":null,"wordCount":438,"keywords":null},{"@type":"Article","@id":"https:\/\/www.kuler.cz\/jak-si-udrzet-pohodli-behem-menstruace\/","headline":"Jak si udr\u017eet pohodl\u00ed b\u011bhem menstruace","url":"https:\/\/www.kuler.cz\/jak-si-udrzet-pohodli-behem-menstruace\/","datePublished":"2023-03-20","dateModified":"2023-07-20","mainEntityOfPage":"https:\/\/www.kuler.cz\/jak-si-udrzet-pohodli-behem-menstruace\/","author":{"@type":"Person","@id":"https:\/\/www.kuler.cz\/author\/#Person","name":"","url":"https:\/\/www.kuler.cz\/author\/","identifier":1,"image":{"@type":"ImageObject","@id":"https:\/\/secure.gravatar.com\/avatar\/dac37d998cdbc92cc7ee5d23d4d689a369122af40c5450007470acab45b61d68?s=96&d=mm&r=g","url":"https:\/\/secure.gravatar.com\/avatar\/dac37d998cdbc92cc7ee5d23d4d689a369122af40c5450007470acab45b61d68?s=96&d=mm&r=g","height":96,"width":96}},"publisher":{"@type":"Organization","name":"kuler.cz","logo":{"@type":"ImageObject","@id":"\/logo.png","url":"\/logo.png","width":600,"height":60}},"image":{"@type":"ImageObject","@id":"https:\/\/www.kuler.cz\/wp-content\/uploads\/cup-ge03a38930_640.jpg","url":"https:\/\/www.kuler.cz\/wp-content\/uploads\/cup-ge03a38930_640.jpg","height":0,"width":0},"wordCount":615,"keywords":null},{"@type":"Article","@id":"https:\/\/www.kuler.cz\/co-nejlepe-vycisti-steny-bazenu\/","headline":"Co nejl\u00e9pe vy\u010dist\u00ed st\u011bny baz\u00e9nu?","url":"https:\/\/www.kuler.cz\/co-nejlepe-vycisti-steny-bazenu\/","datePublished":"2023-02-27","dateModified":"2024-03-05","mainEntityOfPage":"https:\/\/www.kuler.cz\/co-nejlepe-vycisti-steny-bazenu\/","author":{"@type":"Person","@id":"https:\/\/www.kuler.cz\/author\/#Person","name":"","url":"https:\/\/www.kuler.cz\/author\/","identifier":1,"image":{"@type":"ImageObject","@id":"https:\/\/secure.gravatar.com\/avatar\/dac37d998cdbc92cc7ee5d23d4d689a369122af40c5450007470acab45b61d68?s=96&d=mm&r=g","url":"https:\/\/secure.gravatar.com\/avatar\/dac37d998cdbc92cc7ee5d23d4d689a369122af40c5450007470acab45b61d68?s=96&d=mm&r=g","height":96,"width":96}},"publisher":{"@type":"Organization","name":"kuler.cz","logo":{"@type":"ImageObject","@id":"\/logo.png","url":"\/logo.png","width":600,"height":60}},"image":null,"wordCount":490,"keywords":null},{"@type":"Article","@id":"https:\/\/www.kuler.cz\/influencer-sleva-na-about-you\/","headline":"Influencer sleva na About You","url":"https:\/\/www.kuler.cz\/influencer-sleva-na-about-you\/","datePublished":"2022-12-19","dateModified":"2023-06-07","mainEntityOfPage":"https:\/\/www.kuler.cz\/influencer-sleva-na-about-you\/","author":{"@type":"Person","@id":"https:\/\/www.kuler.cz\/author\/#Person","name":"","url":"https:\/\/www.kuler.cz\/author\/","identifier":1,"image":{"@type":"ImageObject","@id":"https:\/\/secure.gravatar.com\/avatar\/dac37d998cdbc92cc7ee5d23d4d689a369122af40c5450007470acab45b61d68?s=96&d=mm&r=g","url":"https:\/\/secure.gravatar.com\/avatar\/dac37d998cdbc92cc7ee5d23d4d689a369122af40c5450007470acab45b61d68?s=96&d=mm&r=g","height":96,"width":96}},"publisher":{"@type":"Organization","name":"kuler.cz","logo":{"@type":"ImageObject","@id":"\/logo.png","url":"\/logo.png","width":600,"height":60}},"image":{"@type":"ImageObject","@id":"https:\/\/www.kuler.cz\/wp-content\/uploads\/shopping-g6b1e8a3ac_640.jpg","url":"https:\/\/www.kuler.cz\/wp-content\/uploads\/shopping-g6b1e8a3ac_640.jpg","height":0,"width":0},"wordCount":620,"keywords":null}]},{"@context":"https:\/\/schema.org","@type":"WebSite","@id":"https:\/\/www.kuler.cz\/#website","name":"K\u016fler","url":"https:\/\/www.kuler.cz","potentialAction":{"@type":"SearchAction","target":"https:\/\/www.kuler.cz\/?s={search_term_string}","query-input":"required name=search_term_string"}}]