[{"@context":"https:\/\/schema.org\/","@type":"Blog","@id":"https:\/\/www.kuler.cz#Blog","headline":"K\u016fler","description":"\nLeckdy by se mohlo zd\u00e1t, \u017ee z\u00a0tohoto sv\u011bta kamsi miz\u00ed dobro. Ale v\u011b\u0159te, \u017ee nemiz\u00ed. Jenom se houfn\u011b p\u0159esouv\u00e1 na n\u00e1\u0161 web, kde ho kdykoliv najdete.","url":"https:\/\/www.kuler.cz","hasPart":[{"@type":"Article","@id":"https:\/\/www.kuler.cz\/moderni-technologie-sitoveho-tisku\/","headline":"Modern\u00ed technologie s\u00ed\u0165ov\u00e9ho tisku","url":"https:\/\/www.kuler.cz\/moderni-technologie-sitoveho-tisku\/","datePublished":"2023-06-07","dateModified":"2023-06-07","mainEntityOfPage":"https:\/\/www.kuler.cz\/moderni-technologie-sitoveho-tisku\/","author":{"@type":"Person","@id":"https:\/\/www.kuler.cz\/author\/#Person","name":"","url":"https:\/\/www.kuler.cz\/author\/","identifier":1,"image":{"@type":"ImageObject","@id":"https:\/\/secure.gravatar.com\/avatar\/dac37d998cdbc92cc7ee5d23d4d689a369122af40c5450007470acab45b61d68?s=96&d=mm&r=g","url":"https:\/\/secure.gravatar.com\/avatar\/dac37d998cdbc92cc7ee5d23d4d689a369122af40c5450007470acab45b61d68?s=96&d=mm&r=g","height":96,"width":96}},"publisher":{"@type":"Organization","name":"kuler.cz","logo":{"@type":"ImageObject","@id":"\/logo.png","url":"\/logo.png","width":600,"height":60}},"image":null,"wordCount":405,"keywords":null},{"@type":"Article","@id":"https:\/\/www.kuler.cz\/je-cas-na-romantiku\/","headline":"Je \u010das na romantiku","url":"https:\/\/www.kuler.cz\/je-cas-na-romantiku\/","datePublished":"2023-06-07","dateModified":"2023-06-07","mainEntityOfPage":"https:\/\/www.kuler.cz\/je-cas-na-romantiku\/","author":{"@type":"Person","@id":"https:\/\/www.kuler.cz\/author\/#Person","name":"","url":"https:\/\/www.kuler.cz\/author\/","identifier":1,"image":{"@type":"ImageObject","@id":"https:\/\/secure.gravatar.com\/avatar\/dac37d998cdbc92cc7ee5d23d4d689a369122af40c5450007470acab45b61d68?s=96&d=mm&r=g","url":"https:\/\/secure.gravatar.com\/avatar\/dac37d998cdbc92cc7ee5d23d4d689a369122af40c5450007470acab45b61d68?s=96&d=mm&r=g","height":96,"width":96}},"publisher":{"@type":"Organization","name":"kuler.cz","logo":{"@type":"ImageObject","@id":"\/logo.png","url":"\/logo.png","width":600,"height":60}},"image":null,"wordCount":406,"keywords":null},{"@type":"Article","@id":"https:\/\/www.kuler.cz\/jak-se-vzmuzit-v-posteli-a-ziskat-zpet-muznost\/","headline":"Jak se vzmu\u017eit v posteli a z\u00edskat zp\u011bt mu\u017enost","url":"https:\/\/www.kuler.cz\/jak-se-vzmuzit-v-posteli-a-ziskat-zpet-muznost\/","datePublished":"2023-06-07","dateModified":"2023-06-07","mainEntityOfPage":"https:\/\/www.kuler.cz\/jak-se-vzmuzit-v-posteli-a-ziskat-zpet-muznost\/","author":{"@type":"Person","@id":"https:\/\/www.kuler.cz\/author\/#Person","name":"","url":"https:\/\/www.kuler.cz\/author\/","identifier":1,"image":{"@type":"ImageObject","@id":"https:\/\/secure.gravatar.com\/avatar\/dac37d998cdbc92cc7ee5d23d4d689a369122af40c5450007470acab45b61d68?s=96&d=mm&r=g","url":"https:\/\/secure.gravatar.com\/avatar\/dac37d998cdbc92cc7ee5d23d4d689a369122af40c5450007470acab45b61d68?s=96&d=mm&r=g","height":96,"width":96}},"publisher":{"@type":"Organization","name":"kuler.cz","logo":{"@type":"ImageObject","@id":"\/logo.png","url":"\/logo.png","width":600,"height":60}},"image":null,"wordCount":445,"keywords":null},{"@type":"Article","@id":"https:\/\/www.kuler.cz\/uchylky-milionaru\/","headline":"\u00dachylky milion\u00e1\u0159\u016f","url":"https:\/\/www.kuler.cz\/uchylky-milionaru\/","datePublished":"2023-06-07","dateModified":"2023-06-07","mainEntityOfPage":"https:\/\/www.kuler.cz\/uchylky-milionaru\/","author":{"@type":"Person","@id":"https:\/\/www.kuler.cz\/author\/#Person","name":"","url":"https:\/\/www.kuler.cz\/author\/","identifier":1,"image":{"@type":"ImageObject","@id":"https:\/\/secure.gravatar.com\/avatar\/dac37d998cdbc92cc7ee5d23d4d689a369122af40c5450007470acab45b61d68?s=96&d=mm&r=g","url":"https:\/\/secure.gravatar.com\/avatar\/dac37d998cdbc92cc7ee5d23d4d689a369122af40c5450007470acab45b61d68?s=96&d=mm&r=g","height":96,"width":96}},"publisher":{"@type":"Organization","name":"kuler.cz","logo":{"@type":"ImageObject","@id":"\/logo.png","url":"\/logo.png","width":600,"height":60}},"image":null,"wordCount":420,"keywords":null},{"@type":"Article","@id":"https:\/\/www.kuler.cz\/nechte-se-hyckat\/","headline":"Nechte se h\u00fd\u010dkat","url":"https:\/\/www.kuler.cz\/nechte-se-hyckat\/","datePublished":"2023-06-07","dateModified":"2023-06-07","mainEntityOfPage":"https:\/\/www.kuler.cz\/nechte-se-hyckat\/","author":{"@type":"Person","@id":"https:\/\/www.kuler.cz\/author\/#Person","name":"","url":"https:\/\/www.kuler.cz\/author\/","identifier":1,"image":{"@type":"ImageObject","@id":"https:\/\/secure.gravatar.com\/avatar\/dac37d998cdbc92cc7ee5d23d4d689a369122af40c5450007470acab45b61d68?s=96&d=mm&r=g","url":"https:\/\/secure.gravatar.com\/avatar\/dac37d998cdbc92cc7ee5d23d4d689a369122af40c5450007470acab45b61d68?s=96&d=mm&r=g","height":96,"width":96}},"publisher":{"@type":"Organization","name":"kuler.cz","logo":{"@type":"ImageObject","@id":"\/logo.png","url":"\/logo.png","width":600,"height":60}},"image":null,"wordCount":460,"keywords":null},{"@type":"Article","@id":"https:\/\/www.kuler.cz\/nevahejte-provest-rychlou-zmenu\/","headline":"Nev\u00e1hejte prov\u00e9st rychlou zm\u011bnu","url":"https:\/\/www.kuler.cz\/nevahejte-provest-rychlou-zmenu\/","datePublished":"2023-06-07","dateModified":"2023-06-07","mainEntityOfPage":"https:\/\/www.kuler.cz\/nevahejte-provest-rychlou-zmenu\/","author":{"@type":"Person","@id":"https:\/\/www.kuler.cz\/author\/#Person","name":"","url":"https:\/\/www.kuler.cz\/author\/","identifier":1,"image":{"@type":"ImageObject","@id":"https:\/\/secure.gravatar.com\/avatar\/dac37d998cdbc92cc7ee5d23d4d689a369122af40c5450007470acab45b61d68?s=96&d=mm&r=g","url":"https:\/\/secure.gravatar.com\/avatar\/dac37d998cdbc92cc7ee5d23d4d689a369122af40c5450007470acab45b61d68?s=96&d=mm&r=g","height":96,"width":96}},"publisher":{"@type":"Organization","name":"kuler.cz","logo":{"@type":"ImageObject","@id":"\/logo.png","url":"\/logo.png","width":600,"height":60}},"image":null,"wordCount":415,"keywords":null},{"@type":"Article","@id":"https:\/\/www.kuler.cz\/ucinny-a-levny-zpusob-propagace-pro-vase-podnikani\/","headline":"\u00da\u010dinn\u00fd a levn\u00fd zp\u016fsob propagace pro Va\u0161e podnik\u00e1n\u00ed","url":"https:\/\/www.kuler.cz\/ucinny-a-levny-zpusob-propagace-pro-vase-podnikani\/","datePublished":"2023-06-07","dateModified":"2023-06-07","mainEntityOfPage":"https:\/\/www.kuler.cz\/ucinny-a-levny-zpusob-propagace-pro-vase-podnikani\/","author":{"@type":"Person","@id":"https:\/\/www.kuler.cz\/author\/#Person","name":"","url":"https:\/\/www.kuler.cz\/author\/","identifier":1,"image":{"@type":"ImageObject","@id":"https:\/\/secure.gravatar.com\/avatar\/dac37d998cdbc92cc7ee5d23d4d689a369122af40c5450007470acab45b61d68?s=96&d=mm&r=g","url":"https:\/\/secure.gravatar.com\/avatar\/dac37d998cdbc92cc7ee5d23d4d689a369122af40c5450007470acab45b61d68?s=96&d=mm&r=g","height":96,"width":96}},"publisher":{"@type":"Organization","name":"kuler.cz","logo":{"@type":"ImageObject","@id":"\/logo.png","url":"\/logo.png","width":600,"height":60}},"image":null,"wordCount":434,"keywords":null},{"@type":"Article","@id":"https:\/\/www.kuler.cz\/pri-uklidu-nevysilujte\/","headline":"P\u0159i \u00faklidu nevy\u0161ilujte","url":"https:\/\/www.kuler.cz\/pri-uklidu-nevysilujte\/","datePublished":"2023-06-07","dateModified":"2023-06-07","mainEntityOfPage":"https:\/\/www.kuler.cz\/pri-uklidu-nevysilujte\/","author":{"@type":"Person","@id":"https:\/\/www.kuler.cz\/author\/#Person","name":"","url":"https:\/\/www.kuler.cz\/author\/","identifier":1,"image":{"@type":"ImageObject","@id":"https:\/\/secure.gravatar.com\/avatar\/dac37d998cdbc92cc7ee5d23d4d689a369122af40c5450007470acab45b61d68?s=96&d=mm&r=g","url":"https:\/\/secure.gravatar.com\/avatar\/dac37d998cdbc92cc7ee5d23d4d689a369122af40c5450007470acab45b61d68?s=96&d=mm&r=g","height":96,"width":96}},"publisher":{"@type":"Organization","name":"kuler.cz","logo":{"@type":"ImageObject","@id":"\/logo.png","url":"\/logo.png","width":600,"height":60}},"image":null,"wordCount":468,"keywords":null},{"@type":"Article","@id":"https:\/\/www.kuler.cz\/perfektni-cesta-k-odpocinku\/","headline":"Perfektn\u00ed cesta k odpo\u010dinku","url":"https:\/\/www.kuler.cz\/perfektni-cesta-k-odpocinku\/","datePublished":"2023-06-07","dateModified":"2023-06-07","mainEntityOfPage":"https:\/\/www.kuler.cz\/perfektni-cesta-k-odpocinku\/","author":{"@type":"Person","@id":"https:\/\/www.kuler.cz\/author\/#Person","name":"","url":"https:\/\/www.kuler.cz\/author\/","identifier":1,"image":{"@type":"ImageObject","@id":"https:\/\/secure.gravatar.com\/avatar\/dac37d998cdbc92cc7ee5d23d4d689a369122af40c5450007470acab45b61d68?s=96&d=mm&r=g","url":"https:\/\/secure.gravatar.com\/avatar\/dac37d998cdbc92cc7ee5d23d4d689a369122af40c5450007470acab45b61d68?s=96&d=mm&r=g","height":96,"width":96}},"publisher":{"@type":"Organization","name":"kuler.cz","logo":{"@type":"ImageObject","@id":"\/logo.png","url":"\/logo.png","width":600,"height":60}},"image":null,"wordCount":447,"keywords":null},{"@type":"Article","@id":"https:\/\/www.kuler.cz\/ventilatory-maji-mnoho-funkci\/","headline":"Ventil\u00e1tory maj\u00ed mnoho funkc\u00ed","url":"https:\/\/www.kuler.cz\/ventilatory-maji-mnoho-funkci\/","datePublished":"2023-06-07","dateModified":"2023-06-07","mainEntityOfPage":"https:\/\/www.kuler.cz\/ventilatory-maji-mnoho-funkci\/","author":{"@type":"Person","@id":"https:\/\/www.kuler.cz\/author\/#Person","name":"","url":"https:\/\/www.kuler.cz\/author\/","identifier":1,"image":{"@type":"ImageObject","@id":"https:\/\/secure.gravatar.com\/avatar\/dac37d998cdbc92cc7ee5d23d4d689a369122af40c5450007470acab45b61d68?s=96&d=mm&r=g","url":"https:\/\/secure.gravatar.com\/avatar\/dac37d998cdbc92cc7ee5d23d4d689a369122af40c5450007470acab45b61d68?s=96&d=mm&r=g","height":96,"width":96}},"publisher":{"@type":"Organization","name":"kuler.cz","logo":{"@type":"ImageObject","@id":"\/logo.png","url":"\/logo.png","width":600,"height":60}},"image":null,"wordCount":430,"keywords":null}]},{"@context":"https:\/\/schema.org","@type":"WebSite","@id":"https:\/\/www.kuler.cz\/#website","name":"K\u016fler","url":"https:\/\/www.kuler.cz","potentialAction":{"@type":"SearchAction","target":"https:\/\/www.kuler.cz\/?s={search_term_string}","query-input":"required name=search_term_string"}}]