[{"@context":"https:\/\/schema.org\/","@type":"Blog","@id":"https:\/\/www.kuler.cz#Blog","headline":"K\u016fler","description":"\nLeckdy by se mohlo zd\u00e1t, \u017ee z\u00a0tohoto sv\u011bta kamsi miz\u00ed dobro. Ale v\u011b\u0159te, \u017ee nemiz\u00ed. Jenom se houfn\u011b p\u0159esouv\u00e1 na n\u00e1\u0161 web, kde ho kdykoliv najdete.","url":"https:\/\/www.kuler.cz","hasPart":[{"@type":"Article","@id":"https:\/\/www.kuler.cz\/krasne-a-zdrave-nechty-na-dlho\/","headline":"Kr\u00e1sne a zdrav\u00e9 nechty na dlho","url":"https:\/\/www.kuler.cz\/krasne-a-zdrave-nechty-na-dlho\/","datePublished":"2023-06-07","dateModified":"2023-06-07","mainEntityOfPage":"https:\/\/www.kuler.cz\/krasne-a-zdrave-nechty-na-dlho\/","author":{"@type":"Person","@id":"https:\/\/www.kuler.cz\/author\/#Person","name":"","url":"https:\/\/www.kuler.cz\/author\/","identifier":1,"image":{"@type":"ImageObject","@id":"https:\/\/secure.gravatar.com\/avatar\/dac37d998cdbc92cc7ee5d23d4d689a369122af40c5450007470acab45b61d68?s=96&d=mm&r=g","url":"https:\/\/secure.gravatar.com\/avatar\/dac37d998cdbc92cc7ee5d23d4d689a369122af40c5450007470acab45b61d68?s=96&d=mm&r=g","height":96,"width":96}},"publisher":{"@type":"Organization","name":"kuler.cz","logo":{"@type":"ImageObject","@id":"\/logo.png","url":"\/logo.png","width":600,"height":60}},"image":null,"wordCount":451,"keywords":null},{"@type":"Article","@id":"https:\/\/www.kuler.cz\/poteseni-na-nasi-strane\/","headline":"Pot\u011b\u0161en\u00ed na na\u0161\u00ed stran\u011b","url":"https:\/\/www.kuler.cz\/poteseni-na-nasi-strane\/","datePublished":"2023-06-07","dateModified":"2023-06-07","mainEntityOfPage":"https:\/\/www.kuler.cz\/poteseni-na-nasi-strane\/","author":{"@type":"Person","@id":"https:\/\/www.kuler.cz\/author\/#Person","name":"","url":"https:\/\/www.kuler.cz\/author\/","identifier":1,"image":{"@type":"ImageObject","@id":"https:\/\/secure.gravatar.com\/avatar\/dac37d998cdbc92cc7ee5d23d4d689a369122af40c5450007470acab45b61d68?s=96&d=mm&r=g","url":"https:\/\/secure.gravatar.com\/avatar\/dac37d998cdbc92cc7ee5d23d4d689a369122af40c5450007470acab45b61d68?s=96&d=mm&r=g","height":96,"width":96}},"publisher":{"@type":"Organization","name":"kuler.cz","logo":{"@type":"ImageObject","@id":"\/logo.png","url":"\/logo.png","width":600,"height":60}},"image":null,"wordCount":468,"keywords":null},{"@type":"Article","@id":"https:\/\/www.kuler.cz\/vyuzijte-jedinecne-sance-na-zkvalitneni-vaseho-milostneho-zivota\/","headline":"Vyu\u017eijte jedine\u010dn\u00e9 \u0161ance na zkvalitn\u011bn\u00ed Va\u0161eho milostn\u00e9ho \u017eivota","url":"https:\/\/www.kuler.cz\/vyuzijte-jedinecne-sance-na-zkvalitneni-vaseho-milostneho-zivota\/","datePublished":"2023-06-07","dateModified":"2023-06-07","mainEntityOfPage":"https:\/\/www.kuler.cz\/vyuzijte-jedinecne-sance-na-zkvalitneni-vaseho-milostneho-zivota\/","author":{"@type":"Person","@id":"https:\/\/www.kuler.cz\/author\/#Person","name":"","url":"https:\/\/www.kuler.cz\/author\/","identifier":1,"image":{"@type":"ImageObject","@id":"https:\/\/secure.gravatar.com\/avatar\/dac37d998cdbc92cc7ee5d23d4d689a369122af40c5450007470acab45b61d68?s=96&d=mm&r=g","url":"https:\/\/secure.gravatar.com\/avatar\/dac37d998cdbc92cc7ee5d23d4d689a369122af40c5450007470acab45b61d68?s=96&d=mm&r=g","height":96,"width":96}},"publisher":{"@type":"Organization","name":"kuler.cz","logo":{"@type":"ImageObject","@id":"\/logo.png","url":"\/logo.png","width":600,"height":60}},"image":null,"wordCount":387,"keywords":null},{"@type":"Article","@id":"https:\/\/www.kuler.cz\/spojte-wellness-s-poznavanim-krasne-valasske-krajiny\/","headline":"Spojte wellness s pozn\u00e1v\u00e1n\u00edm kr\u00e1sn\u00e9 vala\u0161sk\u00e9 krajiny","url":"https:\/\/www.kuler.cz\/spojte-wellness-s-poznavanim-krasne-valasske-krajiny\/","datePublished":"2023-06-07","dateModified":"2023-06-07","mainEntityOfPage":"https:\/\/www.kuler.cz\/spojte-wellness-s-poznavanim-krasne-valasske-krajiny\/","author":{"@type":"Person","@id":"https:\/\/www.kuler.cz\/author\/#Person","name":"","url":"https:\/\/www.kuler.cz\/author\/","identifier":1,"image":{"@type":"ImageObject","@id":"https:\/\/secure.gravatar.com\/avatar\/dac37d998cdbc92cc7ee5d23d4d689a369122af40c5450007470acab45b61d68?s=96&d=mm&r=g","url":"https:\/\/secure.gravatar.com\/avatar\/dac37d998cdbc92cc7ee5d23d4d689a369122af40c5450007470acab45b61d68?s=96&d=mm&r=g","height":96,"width":96}},"publisher":{"@type":"Organization","name":"kuler.cz","logo":{"@type":"ImageObject","@id":"\/logo.png","url":"\/logo.png","width":600,"height":60}},"image":null,"wordCount":400,"keywords":null},{"@type":"Article","@id":"https:\/\/www.kuler.cz\/zajistime-vsechno-potrebne-co-se-tyka-vyklizeni-bytu\/","headline":"Zajist\u00edme v\u0161echno pot\u0159ebn\u00e9, co se t\u00fdk\u00e1 vykl\u00edzen\u00ed byt\u016f","url":"https:\/\/www.kuler.cz\/zajistime-vsechno-potrebne-co-se-tyka-vyklizeni-bytu\/","datePublished":"2023-06-07","dateModified":"2023-06-07","mainEntityOfPage":"https:\/\/www.kuler.cz\/zajistime-vsechno-potrebne-co-se-tyka-vyklizeni-bytu\/","author":{"@type":"Person","@id":"https:\/\/www.kuler.cz\/author\/#Person","name":"","url":"https:\/\/www.kuler.cz\/author\/","identifier":1,"image":{"@type":"ImageObject","@id":"https:\/\/secure.gravatar.com\/avatar\/dac37d998cdbc92cc7ee5d23d4d689a369122af40c5450007470acab45b61d68?s=96&d=mm&r=g","url":"https:\/\/secure.gravatar.com\/avatar\/dac37d998cdbc92cc7ee5d23d4d689a369122af40c5450007470acab45b61d68?s=96&d=mm&r=g","height":96,"width":96}},"publisher":{"@type":"Organization","name":"kuler.cz","logo":{"@type":"ImageObject","@id":"\/logo.png","url":"\/logo.png","width":600,"height":60}},"image":null,"wordCount":463,"keywords":null},{"@type":"Article","@id":"https:\/\/www.kuler.cz\/bezpecne-a-inteligentni-ovladani-vaseho-domova\/","headline":"Bezpe\u010dn\u00e9  a inteligentn\u00ed ovl\u00e1d\u00e1n\u00ed Va\u0161eho domova","url":"https:\/\/www.kuler.cz\/bezpecne-a-inteligentni-ovladani-vaseho-domova\/","datePublished":"2023-06-07","dateModified":"2023-06-07","mainEntityOfPage":"https:\/\/www.kuler.cz\/bezpecne-a-inteligentni-ovladani-vaseho-domova\/","author":{"@type":"Person","@id":"https:\/\/www.kuler.cz\/author\/#Person","name":"","url":"https:\/\/www.kuler.cz\/author\/","identifier":1,"image":{"@type":"ImageObject","@id":"https:\/\/secure.gravatar.com\/avatar\/dac37d998cdbc92cc7ee5d23d4d689a369122af40c5450007470acab45b61d68?s=96&d=mm&r=g","url":"https:\/\/secure.gravatar.com\/avatar\/dac37d998cdbc92cc7ee5d23d4d689a369122af40c5450007470acab45b61d68?s=96&d=mm&r=g","height":96,"width":96}},"publisher":{"@type":"Organization","name":"kuler.cz","logo":{"@type":"ImageObject","@id":"\/logo.png","url":"\/logo.png","width":600,"height":60}},"image":null,"wordCount":491,"keywords":null},{"@type":"Article","@id":"https:\/\/www.kuler.cz\/pokud-chcete-moderni-fotovoltaiku-vzdy-vybirejte-kvalitne\/","headline":"Pokud chcete modern\u00ed fotovoltaiku, v\u017edy vyb\u00edrejte kvalitn\u011b","url":"https:\/\/www.kuler.cz\/pokud-chcete-moderni-fotovoltaiku-vzdy-vybirejte-kvalitne\/","datePublished":"2023-06-07","dateModified":"2023-06-07","mainEntityOfPage":"https:\/\/www.kuler.cz\/pokud-chcete-moderni-fotovoltaiku-vzdy-vybirejte-kvalitne\/","author":{"@type":"Person","@id":"https:\/\/www.kuler.cz\/author\/#Person","name":"","url":"https:\/\/www.kuler.cz\/author\/","identifier":1,"image":{"@type":"ImageObject","@id":"https:\/\/secure.gravatar.com\/avatar\/dac37d998cdbc92cc7ee5d23d4d689a369122af40c5450007470acab45b61d68?s=96&d=mm&r=g","url":"https:\/\/secure.gravatar.com\/avatar\/dac37d998cdbc92cc7ee5d23d4d689a369122af40c5450007470acab45b61d68?s=96&d=mm&r=g","height":96,"width":96}},"publisher":{"@type":"Organization","name":"kuler.cz","logo":{"@type":"ImageObject","@id":"\/logo.png","url":"\/logo.png","width":600,"height":60}},"image":null,"wordCount":444,"keywords":null},{"@type":"Article","@id":"https:\/\/www.kuler.cz\/letak-zpusob-kterym-lze-prilakat-co-nejvice-lidi-z-sirokeho-okoli\/","headline":"Let\u00e1k, zp\u016fsob, kter\u00fdm lze p\u0159il\u00e1kat co nejv\u00edce lid\u00ed z \u0161irok\u00e9ho okol\u00ed","url":"https:\/\/www.kuler.cz\/letak-zpusob-kterym-lze-prilakat-co-nejvice-lidi-z-sirokeho-okoli\/","datePublished":"2023-06-07","dateModified":"2023-06-07","mainEntityOfPage":"https:\/\/www.kuler.cz\/letak-zpusob-kterym-lze-prilakat-co-nejvice-lidi-z-sirokeho-okoli\/","author":{"@type":"Person","@id":"https:\/\/www.kuler.cz\/author\/#Person","name":"","url":"https:\/\/www.kuler.cz\/author\/","identifier":1,"image":{"@type":"ImageObject","@id":"https:\/\/secure.gravatar.com\/avatar\/dac37d998cdbc92cc7ee5d23d4d689a369122af40c5450007470acab45b61d68?s=96&d=mm&r=g","url":"https:\/\/secure.gravatar.com\/avatar\/dac37d998cdbc92cc7ee5d23d4d689a369122af40c5450007470acab45b61d68?s=96&d=mm&r=g","height":96,"width":96}},"publisher":{"@type":"Organization","name":"kuler.cz","logo":{"@type":"ImageObject","@id":"\/logo.png","url":"\/logo.png","width":600,"height":60}},"image":null,"wordCount":432,"keywords":null},{"@type":"Article","@id":"https:\/\/www.kuler.cz\/setrete-tam-kde-to-ma-cenu\/","headline":"\u0160et\u0159ete tam, kde to m\u00e1 cenu","url":"https:\/\/www.kuler.cz\/setrete-tam-kde-to-ma-cenu\/","datePublished":"2023-06-07","dateModified":"2023-06-07","mainEntityOfPage":"https:\/\/www.kuler.cz\/setrete-tam-kde-to-ma-cenu\/","author":{"@type":"Person","@id":"https:\/\/www.kuler.cz\/author\/#Person","name":"","url":"https:\/\/www.kuler.cz\/author\/","identifier":1,"image":{"@type":"ImageObject","@id":"https:\/\/secure.gravatar.com\/avatar\/dac37d998cdbc92cc7ee5d23d4d689a369122af40c5450007470acab45b61d68?s=96&d=mm&r=g","url":"https:\/\/secure.gravatar.com\/avatar\/dac37d998cdbc92cc7ee5d23d4d689a369122af40c5450007470acab45b61d68?s=96&d=mm&r=g","height":96,"width":96}},"publisher":{"@type":"Organization","name":"kuler.cz","logo":{"@type":"ImageObject","@id":"\/logo.png","url":"\/logo.png","width":600,"height":60}},"image":null,"wordCount":399,"keywords":null},{"@type":"Article","@id":"https:\/\/www.kuler.cz\/oskar-baum-polozapomenuty-literat\/","headline":"Oskar Baum \u2013 polozapomenut\u00fd liter\u00e1t","url":"https:\/\/www.kuler.cz\/oskar-baum-polozapomenuty-literat\/","datePublished":"2023-06-07","dateModified":"2023-06-07","mainEntityOfPage":"https:\/\/www.kuler.cz\/oskar-baum-polozapomenuty-literat\/","author":{"@type":"Person","@id":"https:\/\/www.kuler.cz\/author\/#Person","name":"","url":"https:\/\/www.kuler.cz\/author\/","identifier":1,"image":{"@type":"ImageObject","@id":"https:\/\/secure.gravatar.com\/avatar\/dac37d998cdbc92cc7ee5d23d4d689a369122af40c5450007470acab45b61d68?s=96&d=mm&r=g","url":"https:\/\/secure.gravatar.com\/avatar\/dac37d998cdbc92cc7ee5d23d4d689a369122af40c5450007470acab45b61d68?s=96&d=mm&r=g","height":96,"width":96}},"publisher":{"@type":"Organization","name":"kuler.cz","logo":{"@type":"ImageObject","@id":"\/logo.png","url":"\/logo.png","width":600,"height":60}},"image":null,"wordCount":511,"keywords":null}]},{"@context":"https:\/\/schema.org","@type":"WebSite","@id":"https:\/\/www.kuler.cz\/#website","name":"K\u016fler","url":"https:\/\/www.kuler.cz","potentialAction":{"@type":"SearchAction","target":"https:\/\/www.kuler.cz\/?s={search_term_string}","query-input":"required name=search_term_string"}}]