[{"@context":"https:\/\/schema.org\/","@type":"Article","@id":"https:\/\/www.kuler.cz\/na-skok-k-sousedum\/#Article","mainEntityOfPage":"https:\/\/www.kuler.cz\/na-skok-k-sousedum\/","headline":"Na skok k soused\u016fm","name":"Na skok k soused\u016fm","description":"Nemus\u00edte platit desetitis\u00edce za drahou dovolenou. U\u017e\u00edt si m\u016f\u017eete i doma v \u010cech\u00e1ch. Kde nejl\u00e9pe, to se do\u010dtete na . Nebo kousek za hranicemi. A nepot\u0159ebujete zn\u00e1t ani \u017e\u00e1dn\u00fd ciz\u00ed jazyk. Naz\u00fdv\u00e1me je na\u0161imi bratry a asi pr\u00e1vem. Jsme s nimi st\u00e1le jaksi spjati pupe\u010dn\u00ed \u0161\u0148\u016frou, kterou je t\u011b\u017ek\u00e9 p\u0159est\u0159ihnout. Jezd\u00ed k n\u00e1m na studia, [&hellip;]","datePublished":"2023-06-07","dateModified":"2023-06-07","author":{"@type":"Person","@id":"https:\/\/www.kuler.cz\/author\/#Person","name":"","url":"https:\/\/www.kuler.cz\/author\/","identifier":1,"image":{"@type":"ImageObject","@id":"https:\/\/secure.gravatar.com\/avatar\/dac37d998cdbc92cc7ee5d23d4d689a369122af40c5450007470acab45b61d68?s=96&d=mm&r=g","url":"https:\/\/secure.gravatar.com\/avatar\/dac37d998cdbc92cc7ee5d23d4d689a369122af40c5450007470acab45b61d68?s=96&d=mm&r=g","height":96,"width":96}},"publisher":{"@type":"Organization","name":"kuler.cz","logo":{"@type":"ImageObject","@id":"\/logo.png","url":"\/logo.png","width":600,"height":60}},"image":{"@type":"ImageObject","@id":"https:\/\/www.kuler.cz\/wp-content\/uploads\/img_a299338_w1980_t1509384758.jpg","url":"https:\/\/www.kuler.cz\/wp-content\/uploads\/img_a299338_w1980_t1509384758.jpg","height":0,"width":0},"url":"https:\/\/www.kuler.cz\/na-skok-k-sousedum\/","wordCount":475,"articleBody":"Nemus\u00edte platit desetitis\u00edce za drahou dovolenou. U\u017e\u00edt si m\u016f\u017eete i doma v \u010cech\u00e1ch. Kde nejl\u00e9pe, to se do\u010dtete na . Nebo kousek za hranicemi. A nepot\u0159ebujete zn\u00e1t ani \u017e\u00e1dn\u00fd ciz\u00ed jazyk. Naz\u00fdv\u00e1me je na\u0161imi bratry a asi pr\u00e1vem. Jsme s nimi st\u00e1le jaksi spjati pupe\u010dn\u00ed \u0161\u0148\u016frou, kterou je t\u011b\u017ek\u00e9 p\u0159est\u0159ihnout. Jezd\u00ed k n\u00e1m na studia, za prac\u00ed, my k nim na dovolenou a existuje bezpo\u010det sm\u00ed\u0161en\u00fdch man\u017eelstv\u00ed. Ka\u017ed\u00e1 druh\u00e1 rodina v \u010cech\u00e1ch tam m\u00e1 kamar\u00e1dy nebo zn\u00e1m\u011b. \u0158e\u010d je o Slovensku a jeho obyvatel\u00edch. Tato zem\u011b nab\u00edz\u00ed bezpo\u010det kr\u00e1sn\u00fdch m\u00edst, kter\u00e1 stoj\u00ed za to nav\u0161t\u00edvit. Na n\u011bkter\u00e1 je t\u0159eba si vyhradit alespo\u0148 t\u00fdden volna, na jin\u00e9 sta\u010d\u00ed p\u00e1r dn\u00ed. J\u00e1 jsem v\u017edy sl\u00fdchala, jak kr\u00e1sn\u00e9 m\u00e1me hlavn\u00ed m\u011bsto a jak o\u0161kliv\u00e9 je to slovensk\u00e9. O to v\u00edce p\u0159\u00edjemn\u011b m\u011b p\u0159ekvapilo, kdy\u017e jsem tam byla poprv\u00e9 na slu\u017eebn\u00ed cest\u011b a hned dal\u0161\u00ed rok jsem tam vyrazila s man\u017eelem na prodlou\u017een\u00fd v\u00edkend.Bratislava je toti\u017e tak\u00e9 kr\u00e1sn\u00e1. Z m\u00e9ho pohledu turisty dokonce i kr\u00e1sn\u011bj\u0161\u00ed ne\u017e Praha. V t\u00e9 si p\u0159ipad\u00e1m \u010dasto jako cizinec, v\u0161ude rusk\u00e9, anglick\u00e9 a jin\u00e9 cizojazy\u010dn\u00e9 n\u00e1pisy, ceny vy\u0161roubovan\u00e9 do astronomick\u00fdch v\u00fd\u0161in. Bratislava mi p\u0159ipadala opravdu slovensk\u00e1. Historick\u00e9 centrum nen\u00ed nijak velk\u00e9, to je pravda, ale je kr\u00e1sn\u011b upraven\u00e9 a nekouk\u00e1 na V\u00e1s z ka\u017ed\u00e9 v\u00fdlohy matrjo\u0161ka nebo n\u011bjak\u00fd k\u0159i\u0161\u0165\u00e1lov\u00fd hnus. Nebyl probl\u00e9m si tam zaj\u00edt na ve\u010de\u0159i nebo sklenku v\u00edna, ani\u017e by n\u00e1s to zruinovalo. Ubytov\u00e1n\u00ed jsme m\u011bli p\u011b\u0161ky p\u00e1r minut od centra za v\u00fdbornou cenu a ve velmi dobr\u00e9 kvalit\u011b. A hlavn\u011b jsme jeden den nasedli na kola a byli za chv\u00edli v Rakousku. Cesta pod\u00e9l Dunaje byla velmi p\u0159\u00edjemn\u00e1. Kdo chce v Bratislav\u011b str\u00e1vit p\u00e1r dn\u00ed, nudit se rozhodn\u011b nebude. V samotn\u00e9m m\u011bst\u011b je dost v\u011bc\u00ed k vid\u011bn\u00ed a jeho nejbli\u017e\u0161\u00ed okol\u00ed je tak\u00e9 velice zaj\u00edmav\u00e9. S d\u011btmi nebo bez nich m\u016f\u017eete zaj\u00edt nap\u0159\u00edklad do ZOO, kde je k vid\u011bn\u00ed ojedin\u011bl\u00fd p\u0159\u00edstup ke zv\u00ed\u0159at\u016fm a r\u016fzn\u00e9 vymo\u017eenosti, jako nap\u0159\u00edklad vyh\u0159\u00edvan\u00e1 l\u016f\u017eka pro prim\u00e1ty. Kr\u00e1sn\u00fd v\u00fdhled budete m\u00edt z Bratislavsk\u00e9ho hradu nebo z \u201eUFO\u201c a ur\u010dit\u011b nevynechejte z\u0159\u00edceninu hradu D\u011bv\u00edn. P\u0159i proch\u00e1zce m\u011bstem se nezapome\u0148te rozhl\u00ed\u017eet po soch\u00e1ch, kter\u00e9 na V\u00e1s vykukuj\u00ed nap\u0159\u00edklad z kan\u00e1lu.                                                                                                                                                                                                                                                                                                                                                                                        4.2\/5 - (11 votes)        "},{"@context":"https:\/\/schema.org\/","@type":"BreadcrumbList","itemListElement":[{"@type":"ListItem","position":1,"name":"Na skok k soused\u016fm","item":"https:\/\/www.kuler.cz\/na-skok-k-sousedum\/#breadcrumbitem"}]}]