[{"@context":"https:\/\/schema.org\/","@type":"Article","@id":"https:\/\/www.kuler.cz\/misto-kde-zijete-muze-prozradit-vase-vzdelani\/#Article","mainEntityOfPage":"https:\/\/www.kuler.cz\/misto-kde-zijete-muze-prozradit-vase-vzdelani\/","headline":"M\u00edsto, kde \u017eijete, m\u016f\u017ee prozradit Va\u0161e vzd\u011bl\u00e1n\u00ed","name":"M\u00edsto, kde \u017eijete, m\u016f\u017ee prozradit Va\u0161e vzd\u011bl\u00e1n\u00ed","description":"\u010cesk\u00e1 republika se od revolu\u010dn\u00edho roku 89 st\u00e1le (mnohdy i pom\u011brn\u011b \u00fasp\u011b\u0161n\u011b) sna\u017e\u00ed p\u0159ibli\u017eovat \u00farovni z\u00e1padn\u00edch zem\u00edch ve v\u0161ech ohledech. P\u0159esto \u010cesk\u00e1 republika m\u00e1 st\u00e1le probl\u00e9m s&nbsp;\u00farovn\u00ed vzd\u011bl\u00e1n\u00ed na venkov\u011b, kde \u017eije a\u017e o 171% v\u00edce lid\u00ed se z\u00e1kladn\u00edm vzd\u011bl\u00e1n\u00edm ne\u017e ve m\u011bstech! &nbsp;V\u011bt\u0161ina lid\u00ed, co vystudovali vysokou \u0161kolu, \u017eije ve m\u011bstech (obzvl\u00e1\u0161\u0165 t\u011bch v\u011bt\u0161\u00edch). [&hellip;]","datePublished":"2020-09-05","dateModified":"2023-06-07","author":{"@type":"Person","@id":"https:\/\/www.kuler.cz\/author\/#Person","name":"","url":"https:\/\/www.kuler.cz\/author\/","identifier":1,"image":{"@type":"ImageObject","@id":"https:\/\/secure.gravatar.com\/avatar\/dac37d998cdbc92cc7ee5d23d4d689a369122af40c5450007470acab45b61d68?s=96&d=mm&r=g","url":"https:\/\/secure.gravatar.com\/avatar\/dac37d998cdbc92cc7ee5d23d4d689a369122af40c5450007470acab45b61d68?s=96&d=mm&r=g","height":96,"width":96}},"publisher":{"@type":"Organization","name":"kuler.cz","logo":{"@type":"ImageObject","@id":"\/logo.png","url":"\/logo.png","width":600,"height":60}},"url":"https:\/\/www.kuler.cz\/misto-kde-zijete-muze-prozradit-vase-vzdelani\/","wordCount":423,"articleBody":"\t\u010cesk\u00e1 republika se od revolu\u010dn\u00edho roku 89 st\u00e1le (mnohdy i pom\u011brn\u011b \u00fasp\u011b\u0161n\u011b) sna\u017e\u00ed p\u0159ibli\u017eovat \u00farovni z\u00e1padn\u00edch zem\u00edch ve v\u0161ech ohledech. P\u0159esto \u010cesk\u00e1 republika m\u00e1 st\u00e1le probl\u00e9m s&nbsp;\u00farovn\u00ed vzd\u011bl\u00e1n\u00ed na venkov\u011b, kde \u017eije a\u017e o 171% v\u00edce lid\u00ed se z\u00e1kladn\u00edm vzd\u011bl\u00e1n\u00edm ne\u017e ve m\u011bstech!\t&nbsp;V\u011bt\u0161ina lid\u00ed, co vystudovali vysokou \u0161kolu, \u017eije ve m\u011bstech (obzvl\u00e1\u0161\u0165 t\u011bch v\u011bt\u0161\u00edch). Celkov\u00fd po\u010det lid\u00ed s&nbsp;vysoko\u0161kolsk\u00fdm vzd\u011bl\u00e1n\u00edm je 31%, co\u017e na pom\u011bry zbytku vysp\u011bl\u00e9ho sv\u011bta je podpr\u016fm\u011br, nicm\u00e9n\u011b v&nbsp;\u010cR chyb\u00ed absolventi medic\u00edny a technick\u00fdch obor\u016f, ale student\u016f a absolvent\u016f humanitn\u00edch v\u011bd m\u00e1me dle n\u011bkter\u00fdch odborn\u00edk\u016f a\u017e p\u0159\u00edli\u0161.\t&nbsp;Celkov\u011b m\u00e1 v\u0161ak \u010cesko dobr\u00e9 vyhl\u00eddky &ndash; vzd\u011blanost \u010desk\u00fdch obyvatel je vy\u0161\u0161\u00ed ne\u017e kdy p\u0159edt\u00edm. Ka\u017edoro\u010dn\u011b ub\u00fdv\u00e1 lid\u00ed, kte\u0159\u00ed dos\u00e1hli pouze z\u00e1kladn\u00edho vzd\u011bl\u00e1n\u00ed. V&nbsp;r. 2015 to \u010dinilo 1,270 milion\u016f obyvatel, ale v&nbsp;r. 1950 to bylo p\u0159es p\u011bt milion\u016f, co\u017e tehdy tvo\u0159ilo v\u00edce jak polovinu zem\u011b.\t&nbsp;Nep\u0159\u00edzniv\u00e1 zpr\u00e1va pro na\u0161i ekonomiku tkv\u00ed hlavn\u011b v&nbsp;st\u00e1le ub\u00fdvaj\u00edc\u00edm po\u010dtu lid\u00ed s&nbsp;v\u00fdu\u010dn\u00edm listem, kdy hlavn\u011b ve v\u011bt\u0161\u00edch m\u011bstech chyb\u00ed kvalifikovan\u00ed \u0159emesln\u00edci, kte\u0159\u00ed by dok\u00e1zali zak\u00e1zku kvalitn\u011b vyhotovit, ale p\u0159ib\u00fdv\u00e1 absolvent\u016f mnohdy nepraktick\u00fdch humanitn\u00edch obor\u016f V\u0160, jejich\u017e po\u010det v&nbsp;lo\u0148sk\u00e9m roce poprv\u00e9 v&nbsp;historie \u010cesk\u00e9 republiky dos\u00e1hl v\u011bt\u0161\u00edho po\u010dtu ne\u017e lid\u00ed se Z\u0160 vzd\u011bl\u00e1n\u00edm a dle odborn\u00edk\u016f se budou rozd\u00edly prohlubovat.\t&nbsp;\tRodi\u010de necht\u011bj\u00ed investice&nbsp;Dle nez\u00e1visl\u00fdch pr\u016fzkum\u016f \u0159ada rodi\u010d\u016f nem\u00e1 pot\u0159ebu investovat do opravdu kvalitn\u00edho vzd\u011bl\u00e1n\u00ed sv\u00fdch potomk\u016f, za p\u0159edpokladu, \u017ee by to zhor\u0161ilo moment\u00e1ln\u00ed \u017eivotn\u00ed standart rodiny. P\u0159esto na uspo\u0159en\u00ed aspo\u0148 n\u011bjak\u00fdch finan\u010dn\u00edch rezerv, kter\u00e9 by se v&nbsp;budoucnosti mohly hodit Va\u0161emu potomkovi, sta\u010d\u00ed odlo\u017een\u00fdch p\u00e1r set korun m\u011bs\u00ed\u010dn\u011b. Jedn\u00e1 se o pen\u00edze, za kter\u00e9 V\u00e1m bude V\u00e1\u0161 potomek opravdu velmi vd\u011b\u010dn\u00fd, kdy\u017e mu pom\u016f\u017eou nap\u0159. studovat na vysn\u011bn\u00e9 \u0161kole mimo Va\u0161e m\u011bsto a jeho okol\u00ed.                                                                                                                                                                                                                                                                                                                                                                                        4.7\/5 - (11 votes)        "},{"@context":"https:\/\/schema.org\/","@type":"BreadcrumbList","itemListElement":[{"@type":"ListItem","position":1,"name":"M\u00edsto, kde \u017eijete, m\u016f\u017ee prozradit Va\u0161e vzd\u011bl\u00e1n\u00ed","item":"https:\/\/www.kuler.cz\/misto-kde-zijete-muze-prozradit-vase-vzdelani\/#breadcrumbitem"}]}]