[{"@context":"https:\/\/schema.org\/","@type":"Article","@id":"https:\/\/www.kuler.cz\/kongresove-hotely-na-vysocine\/#Article","mainEntityOfPage":"https:\/\/www.kuler.cz\/kongresove-hotely-na-vysocine\/","headline":"Kongresov\u00e9 hotely na Vyso\u010din\u011b","name":"Kongresov\u00e9 hotely na Vyso\u010din\u011b","description":"Pokud hled\u00e1te tu spr\u00e1vnou lokalitu pro uskute\u010dn\u011bn\u00ed t\u00e9to v\u00fdznamn\u00e9 akce, kde je za pot\u0159eb\u00ed hodn\u011b m\u00edsta, \u017eidl\u00ed, tabul\u00ed a v\u0161ech dal\u0161\u00edch pom\u016fcek, kter\u00e9 jsou pro tyhle z\u00e1le\u017eitosti d\u016fle\u017eit\u00e9, tak u n\u00e1s na Vyso\u010din\u011b jist\u011b najdete n\u011bjak\u00e9 kongresov\u00e9 hotely, kter\u00e9 budou spl\u0148ovat Va\u0161e podm\u00ednky, a v\u0161echno bude v naprost\u00e9m po\u0159\u00e1dku. U n\u00e1s na na\u0161ich str\u00e1nk\u00e1ch najdete [&hellip;]","datePublished":"2017-05-16","dateModified":"2023-06-07","author":{"@type":"Person","@id":"https:\/\/www.kuler.cz\/author\/#Person","name":"","url":"https:\/\/www.kuler.cz\/author\/","identifier":1,"image":{"@type":"ImageObject","@id":"https:\/\/secure.gravatar.com\/avatar\/dac37d998cdbc92cc7ee5d23d4d689a369122af40c5450007470acab45b61d68?s=96&d=mm&r=g","url":"https:\/\/secure.gravatar.com\/avatar\/dac37d998cdbc92cc7ee5d23d4d689a369122af40c5450007470acab45b61d68?s=96&d=mm&r=g","height":96,"width":96}},"publisher":{"@type":"Organization","name":"kuler.cz","logo":{"@type":"ImageObject","@id":"\/logo.png","url":"\/logo.png","width":600,"height":60}},"url":"https:\/\/www.kuler.cz\/kongresove-hotely-na-vysocine\/","about":["Zbo\u017e\u00ed"],"wordCount":422,"articleBody":"Pokud hled\u00e1te tu spr\u00e1vnou lokalitu pro uskute\u010dn\u011bn\u00ed t\u00e9to v\u00fdznamn\u00e9 akce, kde je za pot\u0159eb\u00ed hodn\u011b m\u00edsta, \u017eidl\u00ed, tabul\u00ed a v\u0161ech dal\u0161\u00edch pom\u016fcek, kter\u00e9 jsou pro tyhle z\u00e1le\u017eitosti d\u016fle\u017eit\u00e9, tak u n\u00e1s na Vyso\u010din\u011b jist\u011b najdete n\u011bjak\u00e9 kongresov\u00e9 hotely, kter\u00e9 budou spl\u0148ovat Va\u0161e podm\u00ednky, a v\u0161echno bude v naprost\u00e9m po\u0159\u00e1dku. U n\u00e1s na na\u0161ich str\u00e1nk\u00e1ch najdete opravdu velikou nab\u00eddku nejr\u016fzn\u011bj\u0161\u00edch m\u00edst, kam m\u016f\u017eete jet. P\u0159ipojte se i Vy k cel\u00e9 \u0159ad\u011b na\u0161ich maxim\u00e1ln\u011b spokojen\u00fdch z\u00e1kazn\u00edk\u016f a sta\u0148te se i Vy jedn\u00edm z nich. Dobr\u00e9 j\u00eddlo, skv\u011bl\u00fd servis a p\u0159\u00edstup na\u0161ich zam\u011bstnanc\u016f jsou samoz\u0159ejmost\u00ed. Okol\u00ed je kr\u00e1sn\u00e9, stejn\u011b tak jako p\u0159\u00edroda, kter\u00e1 v\u011bt\u0161inu v\u0161ech hotel\u016f obklopuj, tak\u017ee se zde budete c\u00edtit opravdu dob\u0159e. Daleko od m\u011bsta, daleko od dopravy a hluku, kter\u00fd je pro velkom\u011bsta, jako je Praha, Brno, Olomouc a dal\u0161\u00ed typick\u00fd. Skv\u011bl\u00e9 ceny Podle toho, jakou lokalitu a konkr\u00e9tn\u00ed hotel si vyberte, tak se od toho odv\u00edj\u00ed cena. Jsme si jisti, \u017ee si z na\u0161\u00ed nab\u00eddky vybere ka\u017ed\u00fd z\u00e1kazn\u00edk, to si pi\u0161te. V\u0161e je p\u0159ehledn\u011b se\u0159azeno a jist\u011b se V\u00e1m to bude moc l\u00edbit, tak na nic ne\u010dekejte a ud\u011blejte ten prvn\u00ed krok a zarezervujte si term\u00edn, aby se n\u00e1hodou nestalo, \u017ee by V\u00e1s n\u011bkdo mohl p\u0159edb\u011bhnout, proto\u017ee to by bylo jist\u011b velice nemil\u00e9, kdybyste m\u011bli vyhrazen\u00fd jeden term\u00edn a zavolali jste na posledn\u00ed chv\u00edli a n\u011bkdo by v\u00e1s p\u0159edb\u011bhl. Takov\u00e9 situaci p\u0159edejdete, pokud si zarezervujete term\u00edn dop\u0159edu. Koukn\u011bte se na fotografie a v\u0161echny tabulky, kter\u00e9 jsou u ka\u017ed\u00e9ho m\u00edsta napsan\u00e9. Snadno tak uvid\u00edte, kolik je tam zasedac\u00edch m\u00edstnost\u00ed, tabul\u00ed, celkov\u00fdch m\u00edst k sezen\u00ed a dal\u0161\u00edch informac\u00ed, kter\u00e9 budou jist\u011b pro V\u00e1s d\u016fle\u017eit\u00e9.V\u00fdhody na Vyso\u010din\u011b \u00b7 Snadn\u00e1 dostupnost \u00b7 Skv\u011bl\u00e9 ceny \u00b7 Velk\u00fd v\u00fdb\u011br \u00b7 P\u0159\u00edv\u011btiv\u00e1 p\u0159\u00edstup zam\u011bstnanc\u016f \u00b7 Kr\u00e1sn\u00e1 p\u0159\u00edroda a klid P\u0159ije\u010fte se sami na vlastn\u00ed o\u010di p\u0159esv\u011bd\u010dit a za\u017e\u00edt skv\u011blou atmosf\u00e9ru, kter\u00e1 V\u00e1s zde jist\u011b potk\u00e1.                                                                                                                                                                                                                                                                                                                                                                                        4.2\/5 - (9 votes)        "},{"@context":"https:\/\/schema.org\/","@type":"BreadcrumbList","itemListElement":[{"@type":"ListItem","position":1,"name":"Kongresov\u00e9 hotely na Vyso\u010din\u011b","item":"https:\/\/www.kuler.cz\/kongresove-hotely-na-vysocine\/#breadcrumbitem"}]}]