[{"@context":"https:\/\/schema.org\/","@type":"Article","@id":"https:\/\/www.kuler.cz\/je-noseni-podprsenky-nutne\/#Article","mainEntityOfPage":"https:\/\/www.kuler.cz\/je-noseni-podprsenky-nutne\/","headline":"Je no\u0161en\u00ed podprsenky nutn\u00e9?","name":"Je no\u0161en\u00ed podprsenky nutn\u00e9?","description":"My \u017eeny jsme bytosti moc zaj\u00edmav\u00e9. A je pro n\u00e1s moc d\u016fle\u017eit\u00e9, abychom se c\u00edtily dob\u0159e a tak\u00e9 moc dob\u0159e vypadaly. Proto\u017ee je velmi rozd\u00edln\u00e9, jak se nahl\u00ed\u017e\u00ed na mu\u017ee a \u017eeny. A je tak jasn\u00e9, \u017ee na \u017eeny je vyv\u00edjen mnohem v\u011bt\u0161\u00ed tlak ne\u017e na mu\u017ee. A \u017eena mus\u00ed b\u00fdt p\u0159edev\u0161\u00edm reprezentativn\u00ed a v [&hellip;]","datePublished":"2023-07-04","dateModified":"2024-05-20","author":{"@type":"Person","@id":"https:\/\/www.kuler.cz\/author\/#Person","name":"","url":"https:\/\/www.kuler.cz\/author\/","identifier":1,"image":{"@type":"ImageObject","@id":"https:\/\/secure.gravatar.com\/avatar\/dac37d998cdbc92cc7ee5d23d4d689a369122af40c5450007470acab45b61d68?s=96&d=mm&r=g","url":"https:\/\/secure.gravatar.com\/avatar\/dac37d998cdbc92cc7ee5d23d4d689a369122af40c5450007470acab45b61d68?s=96&d=mm&r=g","height":96,"width":96}},"publisher":{"@type":"Organization","name":"kuler.cz","logo":{"@type":"ImageObject","@id":"\/logo.png","url":"\/logo.png","width":600,"height":60}},"image":{"@type":"ImageObject","@id":"https:\/\/www.kuler.cz\/wp-content\/uploads\/water-2322835_640.jpg","url":"https:\/\/www.kuler.cz\/wp-content\/uploads\/water-2322835_640.jpg","height":0,"width":0},"url":"https:\/\/www.kuler.cz\/je-noseni-podprsenky-nutne\/","about":["Zbo\u017e\u00ed"],"wordCount":491,"articleBody":"   My \u017eeny jsme bytosti moc zaj\u00edmav\u00e9. A je pro n\u00e1s moc d\u016fle\u017eit\u00e9, abychom se c\u00edtily dob\u0159e a tak\u00e9 moc dob\u0159e vypadaly. Proto\u017ee je velmi rozd\u00edln\u00e9, jak se nahl\u00ed\u017e\u00ed na mu\u017ee a \u017eeny. A je tak jasn\u00e9, \u017ee na \u017eeny je vyv\u00edjen mnohem v\u011bt\u0161\u00ed tlak ne\u017e na mu\u017ee. A \u017eena mus\u00ed b\u00fdt p\u0159edev\u0161\u00edm reprezentativn\u00ed a v mnoha ohledech sv\u016fdn\u00e1. I kdy\u017e sv\u016fdnost se tak\u00e9 d\u011bl\u00ed do mnoha kategori\u00ed a z\u00e1le\u017e\u00ed p\u0159i jak\u00e9 p\u0159\u00edle\u017eitosti bude \u017eena vystupovat. Ale \u017eena by v prvn\u00ed \u0159ad\u011b m\u011bla b\u00fdt p\u011bst\u011bn\u00e1 a m\u011bla by b\u00fdt mil\u00e1 a elegantn\u00ed. Ale jak se \u010dasto chovaj\u00ed \u017eeny ke sv\u00fdm mu\u017e\u016fm doma, to je v\u011bc druh\u00e1. A jak se pak n\u00e1sledn\u011b div\u00ed, kdy\u017e je jejich mu\u017ei opou\u0161t\u011bj\u00ed pr\u00e1v\u011b pro ty elegantn\u00ed a reprezentativn\u00ed \u017eeny. I kdy\u017e v dne\u0161n\u00ed spole\u010dnosti, kter\u00e1 je tak moc orientovan\u00e1 na \u00fasp\u011bch a v\u00fdkon se mnohdy \u017eeny za\u010d\u00ednaj\u00ed chovat jako mu\u017ei. A zapom\u00ednaj\u00ed na svoji podstatu a p\u0159irozenost. Ale nic nen\u00ed hez\u010d\u00edho, ne\u017e kdy\u017e je \u017eena k\u0159ehk\u00e1 a p\u016fvabn\u00e1 p\u0159esn\u011b ve svoji zranitelnosti. A tak\u00e9 jsou \u017eeny moc \u017e\u00e1dan\u00e9, pokud se um\u00ed uk\u00e1zat. A to nejen vlastn\u00ed t\u011blo a svoje k\u0159ivky. Ale tak\u00e9 svoje sebev\u011bdom\u00ed a sv\u016fj rozum. A nen\u00ed pravidlem, \u017ee by se o \u017eenu m\u011bl starat mu\u017e. Ale nez\u00e1visl\u00e1 \u017eena by se o sebe m\u011bla ka\u017edop\u00e1dn\u011b postarat sama. A t\u00edm dok\u00e1zat mu\u017e\u016fm, \u017ee je schopna se samostatn\u011b starat o sv\u016fj \u017eivot. A tak\u00e9 se neb\u00e1t d\u00e1t najevo sv\u016fj vlastn\u00ed styl a p\u0159\u00e1n\u00ed. Tak\u017ee neno\u0161en\u00ed bez podprsenky se m\u016f\u017ee br\u00e1t jako takov\u00fd typ revolty ze strany \u017een. A co si o tom mysl\u00ed mu\u017ei? Mysl\u00edm si, \u017ee jsou z t\u00e9to \u017eensk\u00e9 revolty naprosto uchv\u00e1ceni. Proto\u017ee co je hez\u010d\u00ed, ne\u017e pohled na kr\u00e1sn\u00e9 \u017eensk\u00e9 \u0148adra, by\u0165 jsou schovan\u00e9 za kusem l\u00e1tky. Tento trend se za\u010dal vyskytovat v USA, kde ho na sv\u011btlo vyneslo n\u011bkolik zn\u00e1m\u00fdch um\u011blky\u0148. A pot\u00e9 se to roz\u0161\u00ed\u0159ilo i na p\u0159ehl\u00eddky a mola nejslavn\u011bj\u0161\u00edch n\u00e1vrh\u00e1\u0159\u016f. A dokonce i te\u010f se mnoho \u017een odva\u017euje si vyj\u00edt do ulic takzvan\u011b naho\u0159e bez. A co je na tom vlastn\u011b tak \u0161patn\u00e9? Kdo si to m\u016f\u017ee dovolit, ten to tak nos\u00ed. A kdo nem\u016f\u017ee ten jen ti\u0161e z\u00e1vid\u00ed a potichu doma anebo na soci\u00e1ln\u00edch s\u00edt\u00edch moralizuje. Ale to p\u0159eci nen\u00ed pot\u0159eba. Hlavn\u00ed je, \u017ee se v tom c\u00edt\u00edte dob\u0159e a kr\u00e1sn\u011b. Na ni\u010dem jin\u00e9m p\u0159eci nez\u00e1le\u017e\u00ed.                                                                                                                                                                                                                                                                                                                                                                                          4.2\/5 - (12 votes)        "},{"@context":"https:\/\/schema.org\/","@type":"BreadcrumbList","itemListElement":[{"@type":"ListItem","position":1,"name":"Je no\u0161en\u00ed podprsenky nutn\u00e9?","item":"https:\/\/www.kuler.cz\/je-noseni-podprsenky-nutne\/#breadcrumbitem"}]}]