[{"@context":"https:\/\/schema.org\/","@type":"Article","@id":"https:\/\/www.kuler.cz\/jak-si-vybirat-pudr\/#Article","mainEntityOfPage":"https:\/\/www.kuler.cz\/jak-si-vybirat-pudr\/","headline":"Jak si vyb\u00edrat pudr","name":"Jak si vyb\u00edrat pudr","description":"Pudr m\u00e1 za \u00fakol fixovat a p\u0159\u00edpadn\u011b zmatnit va\u0161e l\u00ed\u010den\u00ed. Jedn\u00e1 o pr\u00e1\u0161ek nebo kompaktn\u00ed balen\u00ed, poka\u017ed\u00e9 v\u00e1m v\u0161ak na \u0161t\u011btci z\u016fstane pr\u00e1\u0161ek, kter\u00fd si nanesete na obli\u010dej. Jsou nab\u00edzeny hned vedle bronzer\u016f a tv\u00e1\u0159enek, tak nezapome\u0148te, jak\u00e9 jsou mezi t\u00edm rozd\u00edly. &nbsp;&nbsp;&nbsp;&nbsp;&nbsp;&nbsp;&nbsp;&nbsp;&nbsp;&nbsp;&nbsp; Pudr m\u016f\u017ee b\u00fdt transparentn\u00ed, ale i s odst\u00ednem. Transparentn\u00ed nemaj\u00ed barvu, ale [&hellip;]","datePublished":"2019-08-21","dateModified":"2023-06-07","author":{"@type":"Person","@id":"https:\/\/www.kuler.cz\/author\/#Person","name":"","url":"https:\/\/www.kuler.cz\/author\/","identifier":1,"image":{"@type":"ImageObject","@id":"https:\/\/secure.gravatar.com\/avatar\/dac37d998cdbc92cc7ee5d23d4d689a369122af40c5450007470acab45b61d68?s=96&d=mm&r=g","url":"https:\/\/secure.gravatar.com\/avatar\/dac37d998cdbc92cc7ee5d23d4d689a369122af40c5450007470acab45b61d68?s=96&d=mm&r=g","height":96,"width":96}},"publisher":{"@type":"Organization","name":"kuler.cz","logo":{"@type":"ImageObject","@id":"\/logo.png","url":"\/logo.png","width":600,"height":60}},"image":{"@type":"ImageObject","@id":"https:\/\/www.kuler.cz\/wp-content\/uploads\/img_a352189_w3744_t1566760690.jpg","url":"https:\/\/www.kuler.cz\/wp-content\/uploads\/img_a352189_w3744_t1566760690.jpg","height":0,"width":0},"url":"https:\/\/www.kuler.cz\/jak-si-vybirat-pudr\/","about":["Zbo\u017e\u00ed"],"wordCount":451,"articleBody":"Pudr m\u00e1 za \u00fakol fixovat a p\u0159\u00edpadn\u011b zmatnit va\u0161e l\u00ed\u010den\u00ed. Jedn\u00e1 o pr\u00e1\u0161ek nebo kompaktn\u00ed balen\u00ed, poka\u017ed\u00e9 v\u00e1m v\u0161ak na \u0161t\u011btci z\u016fstane pr\u00e1\u0161ek, kter\u00fd si nanesete na obli\u010dej. Jsou nab\u00edzeny hned vedle bronzer\u016f a tv\u00e1\u0159enek, tak nezapome\u0148te, jak\u00e9 jsou mezi t\u00edm rozd\u00edly.\t&nbsp;&nbsp;&nbsp;&nbsp;&nbsp;&nbsp;&nbsp;&nbsp;&nbsp;&nbsp;&nbsp; Pudr m\u016f\u017ee b\u00fdt transparentn\u00ed, ale i s odst\u00ednem. Transparentn\u00ed nemaj\u00ed barvu, ale u n\u011bkter\u00fdch se stane, \u017ee v\u00e1m obli\u010dej zesv\u011btl\u00ed. Jinak ale maj\u00ed funkci hlavn\u011b fixace a \u010dasto zmatn\u011bn\u00ed, aby se v\u00e1\u0161 obli\u010dej nelesknul. Barevn\u00fd pudr v\u00e1m je\u0161t\u011b v\u00edce spoj\u00ed va\u0161e l\u00ed\u010den\u00ed, nap\u0159\u00edklad zjemn\u00ed p\u0159echod mezi bronzerem a makeupem. Tak\u00e9 mohou lehce p\u0159ikr\u00fdt n\u011bjak\u00e9 nedokonalosti, kter\u00e9 na obli\u010deji m\u00e1te, nap\u0159\u00edklad kruhy pod o\u010dima.\t&nbsp;&nbsp;&nbsp;&nbsp;&nbsp;&nbsp;&nbsp;&nbsp;&nbsp;&nbsp;&nbsp; M\u016f\u017eete si vybrat z b\u011b\u017en\u00e9ho sypk\u00e9ho pudru, kter\u00fd postupn\u011b p\u0159esyp\u00e1v\u00e1te skrze d\u00edrky, nebo kompaktn\u00ed, kter\u00fd dr\u017e\u00ed pohromad\u011b. Probl\u00e9m je, \u017ee se m\u016f\u017ee snadno zni\u010dit p\u0159i n\u00e1razu a pokud nen\u00ed kvalitn\u00ed, balen\u00ed dlouho nevydr\u017e\u00ed pohromad\u011b. Nebo m\u016f\u017eete zkusit banana baking powder, co\u017e v \u010de\u0161tin\u011b nezn\u00ed asi moc l\u00e1kav\u011b. Sp\u00ed\u0161e podivn\u011b, na to, \u017ee to m\u00e1 b\u00fdt l\u00ed\u010den\u00ed.\t&nbsp;&nbsp;&nbsp;&nbsp;&nbsp;&nbsp;&nbsp;&nbsp;&nbsp;&nbsp;&nbsp; Banana baking powder, neboli zap\u00e9kac\u00ed pudr, je typ produktu, kter\u00fd nan\u00e1\u0161\u00edte ve v\u011bt\u0161\u00ed m\u00ed\u0159e. Nanesete pom\u011brn\u011b silnou vrstvu pod o\u010di a nech\u00e1te ji zde. Stejn\u011b tak m\u016f\u017eete pod l\u00edcn\u00ed kosti, abyste je zv\u00fdraznili. Po\u010dk\u00e1te, a pot\u00e9 odstran\u00edte. M\u016f\u017eete jej vyu\u017e\u00edt i na to, pokud o\u010dn\u00ed st\u00edny pr\u00e1\u0161\u00ed. Pod oko d\u00e1te pudr, a tud\u00ed\u017e kdy\u017e jej odstran\u00edte, d\u00e1te pry\u010d i onu vrstvu st\u00edn\u016f.\t\t&nbsp;&nbsp;&nbsp;&nbsp;&nbsp;&nbsp;&nbsp;&nbsp;&nbsp;&nbsp;&nbsp; M\u011bl by se na va\u0161\u00ed tv\u00e1\u0159i vytvo\u0159it photoshopov\u00fd efekt, a sice, \u017ee nem\u00e1te \u017e\u00e1dn\u00e9 kruhy pod o\u010dima. V n\u011bkter\u00fdch p\u0159\u00edpadech to ale lid\u00e9 dot\u00e1hnou do takov\u00e9 m\u00edry, \u017ee p\u0159es kameru vypad\u00e1te opravdu n\u00e1dhern\u011b, nicm\u00e9n\u011b takov\u00e9 l\u00ed\u010den\u00ed se ned\u00e1 nikam nosit. P\u00f3ry se ucpou a k\u016f\u017ee opravdu extr\u00e9mn\u011b vysu\u0161\u00ed. Proto si s pou\u017eit\u00edm tohoto produktu dejte pozor. Bohat\u011b v\u00e1m na z\u00e1kladn\u00ed pot\u0159ebu sta\u010d\u00ed nap\u0159\u00edklad transparentn\u00ed pudr, kter\u00fd kr\u00e1sn\u011b zmatn\u00ed, nezanech\u00e1 \u017e\u00e1dn\u00e9 stopy a d\u00e1 se pou\u017e\u00edvat jakkoliv.                                                                                                                                                                                                                                                                                                                                                                                        4.1\/5 - (10 votes)        "},{"@context":"https:\/\/schema.org\/","@type":"BreadcrumbList","itemListElement":[{"@type":"ListItem","position":1,"name":"Jak si vyb\u00edrat pudr","item":"https:\/\/www.kuler.cz\/jak-si-vybirat-pudr\/#breadcrumbitem"}]}]