[{"@context":"https:\/\/schema.org\/","@type":"Article","@id":"https:\/\/www.kuler.cz\/filmovy-kral-milos-havel\/#Article","mainEntityOfPage":"https:\/\/www.kuler.cz\/filmovy-kral-milos-havel\/","headline":"Filmov\u00fd kr\u00e1l Milo\u0161 Havel","name":"Filmov\u00fd kr\u00e1l Milo\u0161 Havel","description":"Kdy\u017e se vyslov\u00ed jm\u00e9no Havel, asi si ka\u017ed\u00fd okam\u017eit\u011b vybav\u00ed na\u0161eho prezidenta V\u00e1clava Havla. M\u00e1lokomu na mysli vytane jeho str\u00fdc MILO\u0160 HAVEL. P\u0159itom to byl pro na\u0161i kulturu velice d\u016fle\u017eit\u00fd \u010dlov\u011bk. o\u00a0\u00a0 Milo\u0161 Havel, kter\u00fd se narodil rok p\u0159ed koncem devaten\u00e1ct\u00e9ho stolet\u00ed, byl za dob prvn\u00ed republiky velice obdivovanou osobnost\u00ed v oblasti \u010desk\u00e9ho filmu. o\u00a0\u00a0 [&hellip;]","datePublished":"2023-06-07","dateModified":"2023-06-07","author":{"@type":"Person","@id":"https:\/\/www.kuler.cz\/author\/#Person","name":"","url":"https:\/\/www.kuler.cz\/author\/","identifier":1,"image":{"@type":"ImageObject","@id":"https:\/\/secure.gravatar.com\/avatar\/dac37d998cdbc92cc7ee5d23d4d689a369122af40c5450007470acab45b61d68?s=96&d=mm&r=g","url":"https:\/\/secure.gravatar.com\/avatar\/dac37d998cdbc92cc7ee5d23d4d689a369122af40c5450007470acab45b61d68?s=96&d=mm&r=g","height":96,"width":96}},"publisher":{"@type":"Organization","name":"kuler.cz","logo":{"@type":"ImageObject","@id":"\/logo.png","url":"\/logo.png","width":600,"height":60}},"image":{"@type":"ImageObject","@id":"https:\/\/www.kuler.cz\/wp-content\/uploads\/img_a290497_w2246_t1503130332.jpg","url":"https:\/\/www.kuler.cz\/wp-content\/uploads\/img_a290497_w2246_t1503130332.jpg","height":0,"width":0},"url":"https:\/\/www.kuler.cz\/filmovy-kral-milos-havel\/","wordCount":412,"articleBody":"Kdy\u017e se vyslov\u00ed jm\u00e9no Havel, asi si ka\u017ed\u00fd okam\u017eit\u011b vybav\u00ed na\u0161eho prezidenta V\u00e1clava Havla. M\u00e1lokomu na mysli vytane jeho str\u00fdc MILO\u0160 HAVEL. P\u0159itom to byl pro na\u0161i kulturu velice d\u016fle\u017eit\u00fd \u010dlov\u011bk.o\u00a0\u00a0 Milo\u0161 Havel, kter\u00fd se narodil rok p\u0159ed koncem devaten\u00e1ct\u00e9ho stolet\u00ed, byl za dob prvn\u00ed republiky velice obdivovanou osobnost\u00ed v oblasti \u010desk\u00e9ho filmu.o\u00a0\u00a0 Bez Milo\u0161e Havla bychom nem\u011bli barrandovsk\u00e9 ateli\u00e9ry, ve kter\u00fdch se to\u010dily ty kr\u00e1sn\u00e9 \u010dernob\u00edl\u00e9 sn\u00edmky, kter\u00e9 dodnes maj\u00ed sv\u00e9 p\u0159\u00edznivce.I k filmov\u00e9mu um\u011bn\u00ed m\u011bl od mali\u010dka velice bl\u00edzko. Jeho otec, slavn\u00fd stavitel V\u00e1cslav Havel, otev\u0159el v rodinn\u00e9m pal\u00e1ci slavn\u00e9 bio Lucerna a zalo\u017eil spole\u010dnost Lucernafilm, kter\u00e1 filmy jak nat\u00e1\u010dela, tak i dov\u00e1\u017eela. Mohlo by se zd\u00e1t, \u017ee Milo\u0161 Havel se bude cht\u00edt st\u00e1t hercem. Naopak. On necht\u011bl hr\u00e1t, on cht\u011bl ve filmov\u00e9m pr\u016fmyslu podnikat. A vy\u0161lo mu to. Po studiu na gymn\u00e1ziu si ud\u011blal obchodnick\u00fd kurz a pak u\u017e mu nic nebr\u00e1nilo v cest\u011b za \u00fasp\u011bchem. Psal se za\u010d\u00e1tek dvac\u00e1t\u00e9ho stolet\u00ed, kdy\u017e na jeho popud vyrostly barrandovsk\u00e9 ateli\u00e9ry. A za\u010daly se rodit prvn\u00ed opravdov\u00e9 filmov\u00e9 hv\u011bzdy a prvn\u00ed opravdov\u00e9 um\u011bleck\u00e9 sn\u00edmky. \u00a7\u00a0 Kristi\u00e1n.\u00a7\u00a0 No\u010dn\u00ed mot\u00fdl.\u00a7\u00a0 Ohniv\u00e9 l\u00e9to&#8230;\tP\u00e1d z vysokaV nedalek\u00fdch barrandovsk\u00fdch teras\u00e1ch se po\u0159\u00e1daly slavn\u00e9 ve\u010d\u00edrky, na kter\u00fdch byl Milo\u0161 Havel v\u017edy za dokonal\u00e9ho gentlemana. Tak na n\u011bho vzpom\u00ednaly tehdej\u0161\u00ed hv\u011bzdy filmov\u00e9ho pl\u00e1tna \u2013 Zita Kab\u00e1tov\u00e1, Adina Mandlov\u00e1, L\u00edda Baarov\u00e1. Sch\u00e1zely se u n\u011bho nejkr\u00e1sn\u011bj\u0161\u00ed \u017eeny z Prahy. On ale d\u00e1val p\u0159ednost mu\u017e\u016fm. Tuto svou orientaci musel v\u0161ak tajit, proto\u017ee tehdy za ni hrozilo v\u011bzen\u00ed. Tomu stejn\u011b po v\u00e1lce neu\u0161el. Tentokr\u00e1t ale proto, \u017ee cht\u011bl neleg\u00e1ln\u011b odej\u00edt do zahrani\u010d\u00ed.\u00b7\u00a0\u00a0\u00a0\u00a0\u00a0\u00a0\u00a0 V roce 1952 se mu kone\u010dn\u011b poda\u0159ilo p\u0159ekro\u010dit hranice do N\u011bmecka a usadit se v Mnichov\u011b.\u00b7\u00a0\u00a0\u00a0\u00a0\u00a0\u00a0\u00a0 Tady u\u017e ho ale \u00fasp\u011bch ne\u010dekal.\u00b7\u00a0\u00a0\u00a0\u00a0\u00a0\u00a0\u00a0 P\u0159i\u0161el p\u00e1d, kter\u00fd se podepsal i na jeho zdrav\u00ed.St\u00e1le v\u0161ak z\u016fstane t\u00edm mu\u017eem, kter\u00fd pro n\u00e1\u0161 filmov\u00fd sv\u011bt opravdu n\u011bco znamenal.                                                                                                                                                                                                                                                                                                                                                                                        3.8\/5 - (9 votes)        "},{"@context":"https:\/\/schema.org\/","@type":"BreadcrumbList","itemListElement":[{"@type":"ListItem","position":1,"name":"Filmov\u00fd kr\u00e1l Milo\u0161 Havel","item":"https:\/\/www.kuler.cz\/filmovy-kral-milos-havel\/#breadcrumbitem"}]}]